{"id":14186,"date":"2024-04-25T10:30:35","date_gmt":"2024-04-25T07:30:35","guid":{"rendered":"https:\/\/www.urfabugun.com\/?p=14186"},"modified":"2024-04-25T10:30:52","modified_gmt":"2024-04-25T07:30:52","slug":"sanliurfa-valiliginden-toz-tasinimi-uyarisi","status":"publish","type":"post","link":"https:\/\/www.urfabugun.com\/index.php\/2024\/04\/25\/sanliurfa-valiliginden-toz-tasinimi-uyarisi\/","title":{"rendered":"\u015eanl\u0131urfa Valili\u011finden Toz Ta\u015f\u0131n\u0131m\u0131 Uyar\u0131s\u0131!"},"content":{"rendered":"\n<p><\/p>\n\n\n\n<p><strong>\u015eanl\u0131urfa Valili\u011fi, bug\u00fcn kent genelinde toz ta\u015f\u0131n\u0131m\u0131 beklendi\u011fini bildirerek vatanda\u015flar\u0131 uyard\u0131.<\/strong><\/p>\n\n\n\n<p>\u015eanl\u0131urfa Valili\u011finden taraf\u0131ndan yap\u0131lan a\u00e7\u0131klamada, \u201cMeteoroloji\u2019den al\u0131nan son bilgilere g\u00f6re; bu gece saatlerinden itibaren b\u00f6lgemizde Kuzey Afrika kaynakl\u0131 toz ta\u015f\u0131n\u0131m\u0131n\u0131n etkili olaca\u011f\u0131 tahmin edilmektedir. Cuma g\u00fcn\u00fc gece saatlerine kadar g\u00f6r\u00fclmesi beklenen toz ta\u015f\u0131n\u0131m\u0131n\u0131n meydana getirece\u011fi ba\u015fta sa\u011fl\u0131k problemleri olmak \u00fczere g\u00f6r\u00fc\u015f mesafesinde d\u00fc\u015fme, hava kalitesinde azalma, \u00e7amur \u015feklinde ya\u011f\u0131\u015f ve ula\u015f\u0131mda aksamalar gibi olumsuzluklara kar\u015f\u0131 dikkatli ve tedbirli olunmal\u0131d\u0131r\u201d Dedi.<\/p>\n","protected":false},"excerpt":{"rendered":"<p>\u015eanl\u0131urfa Valili\u011fi, bug\u00fcn kent genelinde toz ta\u015f\u0131n\u0131m\u0131 beklendi\u011fini bildirerek vatanda\u015flar\u0131 uyard\u0131. \u015eanl\u0131urfa Valili\u011finden taraf\u0131ndan yap\u0131lan a\u00e7\u0131klamada,&#46;&#46;&#46;<\/p>\n","protected":false},"author":2,"featured_media":7161,"comment_status":"open","ping_status":"open","sticky":false,"template":"","format":"standard","meta":{"inline_featured_image":false,"footnotes":""},"categories":[92],"tags":[344,139,107],"manset":[],"class_list":["post-14186","post","type-post","status-publish","format-standard","has-post-thumbnail","hentry","category-yasam-haberleri","tag-sanliurfa-valiligi","tag-sondakika","tag-ub"],"_links":{"self":[{"href":"https:\/\/www.urfabugun.com\/index.php\/wp-json\/wp\/v2\/posts\/14186","targetHints":{"allow":["GET"]}}],"collection":[{"href":"https:\/\/www.urfabugun.com\/index.php\/wp-json\/wp\/v2\/posts"}],"about":[{"href":"https:\/\/www.urfabugun.com\/index.php\/wp-json\/wp\/v2\/types\/post"}],"author":[{"embeddable":true,"href":"https:\/\/www.urfabugun.com\/index.php\/wp-json\/wp\/v2\/users\/2"}],"replies":[{"embeddable":true,"href":"https:\/\/www.urfabugun.com\/index.php\/wp-json\/wp\/v2\/comments?post=14186"}],"version-history":[{"count":0,"href":"https:\/\/www.urfabugun.com\/index.php\/wp-json\/wp\/v2\/posts\/14186\/revisions"}],"wp:featuredmedia":[{"embeddable":true,"href":"https:\/\/www.urfabugun.com\/index.php\/wp-json\/wp\/v2\/media\/7161"}],"wp:attachment":[{"href":"https:\/\/www.urfabugun.com\/index.php\/wp-json\/wp\/v2\/media?parent=14186"}],"wp:term":[{"taxonomy":"category","embeddable":true,"href":"https:\/\/www.urfabugun.com\/index.php\/wp-json\/wp\/v2\/categories?post=14186"},{"taxonomy":"post_tag","embeddable":true,"href":"https:\/\/www.urfabugun.com\/index.php\/wp-json\/wp\/v2\/tags?post=14186"},{"taxonomy":"manset","embeddable":true,"href":"https:\/\/www.urfabugun.com\/index.php\/wp-json\/wp\/v2\/manset?post=14186"}],"curies":[{"name":"wp","href":"https:\/\/api.w.org\/{rel}","templated":true}]}}