{"id":14214,"date":"2024-04-26T11:04:54","date_gmt":"2024-04-26T08:04:54","guid":{"rendered":"https:\/\/www.urfabugun.com\/?p=14214"},"modified":"2024-04-26T11:05:02","modified_gmt":"2024-04-26T08:05:02","slug":"36-bin-saglik-personeli-istihdam-edilecek","status":"publish","type":"post","link":"https:\/\/www.urfabugun.com\/index.php\/2024\/04\/26\/36-bin-saglik-personeli-istihdam-edilecek\/","title":{"rendered":"36 Bin Sa\u011fl\u0131k Personeli \u0130stihdam Edilecek!"},"content":{"rendered":"\n<p><\/p>\n\n\n\n<p><strong>Sa\u011fl\u0131k Bakan\u0131 Fahrettin Koca sosyal medya hesab\u0131ndan yapt\u0131\u011f\u0131 payla\u015f\u0131m\u0131nda 2024 y\u0131l\u0131 sonuna kadar 36 bin sa\u011fl\u0131k personelinin istihdam edilece\u011fini duyurdu.<\/strong><\/p>\n\n\n\n<p>36 bin s\u00f6zle\u015fmeli sa\u011fl\u0131k personeli istihdam\u0131na ili\u015fkin Cumhurba\u015fkan\u0131 karar\u0131 Resmi Gazete&#8217;de yay\u0131mland\u0131.<\/p>\n\n\n\n<p>Buna g\u00f6re, y\u0131l sonuna kadar uygulanmak \u00fczere, eleman temininde g\u00fc\u00e7l\u00fck \u00e7ekilen yerlerde ve hizmet dallar\u0131nda sa\u011fl\u0131k hizmetlerinin etkili ve verimli bir \u015fekilde y\u00fcr\u00fct\u00fclebilmesi amac\u0131yla s\u00f6zle\u015fmeli sa\u011fl\u0131k personeli istihdam edilecek hizmet birimleri yeniden belirlendi.<\/p>\n\n\n\n<p>Karar uyar\u0131nca 1 diyetisyen, 9 ebe, 2 hem\u015fire, 25 sa\u011fl\u0131k memuru, 1 sa\u011fl\u0131k teknikeri, 3 bin 498 tabip, 32 bin 464 de uzman tabip istihdam edilecek.<\/p>\n\n\n\n<p>\u0130stihdam edilecek personelden 1&#8217;i acil sa\u011fl\u0131k hizmetlerinde, 7&#8217;si il\u00e7e sa\u011fl\u0131k m\u00fcd\u00fcrl\u00fc\u011f\u00fc\/ toplum sa\u011fl\u0131\u011f\u0131 merkezlerinde, 8&#8217;i sa\u011fl\u0131k evlerinde, 35 bin 984&#8217;\u00fc ise yatakl\u0131 tedavi birimlerinde g\u00f6rev alacak.<\/p>\n\n\n\n<p>Bakan Koca payla\u015ft\u0131<\/p>\n\n\n\n<p>Sa\u011fl\u0131k Bakan\u0131 Fahrettin Koca sosyal medya hesab\u0131ndan yapt\u0131\u011f\u0131 payla\u015f\u0131mda \u015fu ifadeleri kulland\u0131:<\/p>\n\n\n\n<p>&#8220;Karar, Resmi Gazete\u2019de yay\u0131mland\u0131. Eleman temininde g\u00fc\u00e7l\u00fck \u00e7ekilen yerler ve hizmet dallar\u0131nda sa\u011fl\u0131k hizmetlerinin etkili ve verimli \u015fekilde y\u00fcr\u00fct\u00fclebilmesi amac\u0131yla 2024 y\u0131l\u0131 sonuna kadar 36 bin sa\u011fl\u0131k personeli istihdam edilecek. Hay\u0131rl\u0131 olsun.&#8221;<\/p>\n","protected":false},"excerpt":{"rendered":"<p>Sa\u011fl\u0131k Bakan\u0131 Fahrettin Koca sosyal medya hesab\u0131ndan yapt\u0131\u011f\u0131 payla\u015f\u0131m\u0131nda 2024 y\u0131l\u0131 sonuna kadar 36 bin sa\u011fl\u0131k&#46;&#46;&#46;<\/p>\n","protected":false},"author":2,"featured_media":14216,"comment_status":"open","ping_status":"open","sticky":false,"template":"","format":"standard","meta":{"inline_featured_image":false,"footnotes":""},"categories":[82],"tags":[4230,1272,4231,118,131,139,107],"manset":[],"class_list":["post-14214","post","type-post","status-publish","format-standard","has-post-thumbnail","hentry","category-gundem-haberleri","tag-36-bin-saglik-personeli-istihdam-edilecek","tag-personel-alimi","tag-saglik-bakanligi-3","tag-sanliurfa","tag-son-dakika","tag-sondakika","tag-ub"],"_links":{"self":[{"href":"https:\/\/www.urfabugun.com\/index.php\/wp-json\/wp\/v2\/posts\/14214","targetHints":{"allow":["GET"]}}],"collection":[{"href":"https:\/\/www.urfabugun.com\/index.php\/wp-json\/wp\/v2\/posts"}],"about":[{"href":"https:\/\/www.urfabugun.com\/index.php\/wp-json\/wp\/v2\/types\/post"}],"author":[{"embeddable":true,"href":"https:\/\/www.urfabugun.com\/index.php\/wp-json\/wp\/v2\/users\/2"}],"replies":[{"embeddable":true,"href":"https:\/\/www.urfabugun.com\/index.php\/wp-json\/wp\/v2\/comments?post=14214"}],"version-history":[{"count":0,"href":"https:\/\/www.urfabugun.com\/index.php\/wp-json\/wp\/v2\/posts\/14214\/revisions"}],"wp:featuredmedia":[{"embeddable":true,"href":"https:\/\/www.urfabugun.com\/index.php\/wp-json\/wp\/v2\/media\/14216"}],"wp:attachment":[{"href":"https:\/\/www.urfabugun.com\/index.php\/wp-json\/wp\/v2\/media?parent=14214"}],"wp:term":[{"taxonomy":"category","embeddable":true,"href":"https:\/\/www.urfabugun.com\/index.php\/wp-json\/wp\/v2\/categories?post=14214"},{"taxonomy":"post_tag","embeddable":true,"href":"https:\/\/www.urfabugun.com\/index.php\/wp-json\/wp\/v2\/tags?post=14214"},{"taxonomy":"manset","embeddable":true,"href":"https:\/\/www.urfabugun.com\/index.php\/wp-json\/wp\/v2\/manset?post=14214"}],"curies":[{"name":"wp","href":"https:\/\/api.w.org\/{rel}","templated":true}]}}