{"id":14227,"date":"2024-04-26T20:44:05","date_gmt":"2024-04-26T17:44:05","guid":{"rendered":"https:\/\/www.urfabugun.com\/?p=14227"},"modified":"2024-04-26T20:44:12","modified_gmt":"2024-04-26T17:44:12","slug":"rose-ekol-medya-grubu-gorkemli-acilisla-hizmete-devam-ediyor","status":"publish","type":"post","link":"https:\/\/www.urfabugun.com\/index.php\/2024\/04\/26\/rose-ekol-medya-grubu-gorkemli-acilisla-hizmete-devam-ediyor\/","title":{"rendered":"Rose Ekol Medya Grubu G\u00f6rkemli A\u00e7\u0131l\u0131\u015fla Hizmete Devam Ediyor!"},"content":{"rendered":"\n<p><\/p>\n\n\n\n<p>Rose Ekol Medya Grubu yeni \u00e7al\u0131\u015fma ofisinin a\u00e7\u0131l\u0131\u015f\u0131 b\u00fcy\u00fck bir co\u015fku ile ger\u00e7ekle\u015fti. A\u00e7\u0131l\u0131\u015f t\u00f6renine \u015eanl\u0131urfa Valisi Hasan \u015e\u0131ldak, Bas\u0131n \u0130lan Kurumu Y\u00f6netim Kurulu Ba\u015fkan\u0131 Edibe S\u00f6zen, Bas\u0131n \u0130lan Kurumu Genel M\u00fcd\u00fcr\u00fc Cavit Erk\u0131l\u0131n\u00e7 gibi \u00f6nemli isimler de kat\u0131l\u0131m sa\u011flad\u0131.<br>\u00c7al\u0131\u015fmalar\u0131 ile \u015eanl\u0131urfa ve B\u00f6lge sekt\u00f6r\u00fcne \u00f6nemli katk\u0131lar\u0131 olan Rose Ekol Medya Grubu yeni \u00e7al\u0131\u015fma ofisinin a\u00e7\u0131l\u0131\u015f\u0131 b\u00fcy\u00fck bir co\u015fku ile ger\u00e7ekle\u015fti.<\/p>\n\n\n\n<p>Ger\u00e7ekle\u015ftirilen a\u00e7\u0131l\u0131\u015f t\u00f6renine \u015eanl\u0131urfa Valisi Hasan \u015e\u0131ldak, Bas\u0131n \u0130lan Kurumu Y\u00f6netim Kurulu Ba\u015fkan\u0131 Prof. Dr. Edibe \u00d6zen, Bas\u0131n \u0130lan Kurumu Genel M\u00fcd\u00fcr\u00fc Cavit Erk\u0131l\u0131n\u00e7, Y\u00f6netim Kurulu Ba\u015fkan Vekili \u0130dris Karda\u015f, Y\u00f6netim Kurulu \u00fcyeleri Mehmet Erg\u00fcn, Prof. Dr. Muharrem \u00d6zen, Muhammed Ziyad Varol, Genel Kurul ve Denet\u00e7iler Kurulu \u00dcyesi Prof. Dr. Zakir Av\u015far, AK Parti \u015eanl\u0131urfa \u0130l Ba\u015fkan\u0131 Ali \u0130hsan Delio\u011flu, AK Parti MKYK \u00dcyesi Mehmet Ali Kurt, Kahta Belediye Ba\u015fkan\u0131 Mehmet Can Halla\u00e7, \u015eUTSO Y\u00f6netim Kurulu Ba\u015fkan\u0131 Mehmet Yetim, Haliliye Belediye Ba\u015fkan Yard\u0131mc\u0131s\u0131 Mehmet Sedat Altun, STK Temsilcileri, Gazeteciler ve \u00e7ok say\u0131da davetli kat\u0131l\u0131m sa\u011flad\u0131.<\/p>\n\n\n\n<p>YEN\u0130 \u00c7ALI\u015eMA ALANLARINI GEZD\u0130LER<\/p>\n\n\n\n<p>A\u00e7\u0131l\u0131\u015f\u0131n ger\u00e7ekle\u015fmesinin ard\u0131ndan heyet Rose Ekol Medya Grubu yeni \u00e7al\u0131\u015fma ofisini gezdi. \u00d6ncelikle haber merkezinde bas\u0131n \u00e7al\u0131\u015fanlar\u0131 ile bir araya gelen heyet Urfanatik ekibine ba\u015far\u0131lar diledi. Daha sonra yenilenen Urfanatik TV st\u00fcdyolar\u0131 ziyaret edilerek hat\u0131ra foto\u011fraf\u0131 \u00e7ekildi.<\/p>\n\n\n\n<figure class=\"wp-block-image size-large\"><img loading=\"lazy\" decoding=\"async\" width=\"1024\" height=\"682\" src=\"https:\/\/www.urfabugun.com\/wp-content\/uploads\/2024\/04\/872e0cf7-7f93-4b60-af51-11157b843b8c-1024x682.jpeg\" alt=\"\" class=\"wp-image-14230\"\/><\/figure>\n\n\n\n<p>\u201cYEN\u0130LENEN \u0130\u015e YER\u0130M\u0130ZLE B\u0130RL\u0130KTE, M\u0130SYONUMUZU DAHA DA \u0130LER\u0130 TA\u015eIMAK \u0130\u00c7\u0130N \u00c7ALI\u015eMALARIMIZI S\u00dcRD\u00dcR\u00dcYORUZ\u201d<\/p>\n\n\n\n<p>Yenilenen i\u015fyeri ile birlikte daha kaliteli yay\u0131n\u0131 s\u00fcrd\u00fcreceklerini ifade eden Rose Ekol Medya Grubu Y\u00f6netim Kurulu Ba\u015fkan\u0131 Tahir G\u00fclebak, \u201c\u015eanl\u0131urfa&#8217;m\u0131z\u0131n ad\u0131n\u0131 ta\u015f\u0131yan Urfanatik ailesi olarak, gururla ve heyecanla yeni bir d\u00f6nemin ba\u015flang\u0131c\u0131n\u0131 kutlamak i\u00e7in bir araya geldik. 12 y\u0131l boyunca \u015eanl\u0131urfa&#8217;da gazete, televizyon ve internet sitemiz arac\u0131l\u0131\u011f\u0131yla topluma hizmet etmekten b\u00fcy\u00fck bir mutluluk ve gurur duyuyoruz. Yenilenen i\u015f yerimizle birlikte, bu misyonumuzu daha da ileri ta\u015f\u0131mak ve \u015eanl\u0131urfa halk\u0131na daha kaliteli hizmet sunmak i\u00e7in \u00e7al\u0131\u015fmalar\u0131m\u0131z\u0131 s\u00fcrd\u00fcr\u00fcyoruz. Yenilik\u00e7i teknolojileri ve g\u00fc\u00e7l\u00fc bir ekibi bir araya getirerek, medya sekt\u00f6r\u00fcndeki d\u00f6n\u00fc\u015f\u00fcm\u00fc yak\u0131ndan takip ediyor ve bu d\u00f6n\u00fc\u015f\u00fcme \u00f6nc\u00fcl\u00fck etmek i\u00e7in \u00e7aba sarf ediyoruz.<\/p>\n\n\n\n<figure class=\"wp-block-image size-large\"><img loading=\"lazy\" decoding=\"async\" width=\"1024\" height=\"682\" src=\"https:\/\/www.urfabugun.com\/wp-content\/uploads\/2024\/04\/1cdc5db1-ffbe-408b-820e-1a9ea3959dd5-1024x682.jpeg\" alt=\"\" class=\"wp-image-14229\"\/><\/figure>\n\n\n\n<p>\u201cS\u0130ZLER\u0130N B\u0130ZLERE OLAN \u0130NANCI \u0130LERLEMEM\u0130Z\u0130 SA\u011eLADI\u201d<\/p>\n\n\n\n<p>Ancak bu ba\u015far\u0131, sadece bizim \u00e7abalar\u0131m\u0131zla de\u011fil, ayn\u0131 zamanda siz de\u011ferli okuyucular\u0131m\u0131z\u0131n, izleyicilerimizin ve takip\u00e7ilerimizin destek ve g\u00fcveniyle m\u00fcmk\u00fcn oldu. Sizlerin bizlere olan inanc\u0131 ve deste\u011fi, bizi her zaman motive etti ve bu yolda ilerlememizi sa\u011flad\u0131. Bu \u00f6zel g\u00fcn\u00fcm\u00fczde burada bizimle oldu\u011funuz i\u00e7in hepinize i\u00e7tenlikle te\u015fekk\u00fcr ediyorum. Yenilenen i\u015f yerimizi ziyaret etti\u011finiz, deste\u011finizi esirgemedi\u011finiz i\u00e7in minnettar\u0131z. Yeni yerimizde de sizlerle birlikte olmay\u0131 ve \u015eanl\u0131urfa&#8217;da daha nice ba\u015far\u0131lara imza atmaya devam etmeyi diliyoruz. Hepinize sayg\u0131lar\u0131m\u0131 sunar, sa\u011fl\u0131kl\u0131 ve mutlu g\u00fcnler dilerim\u201d ifadelerini kulland\u0131.<\/p>\n","protected":false},"excerpt":{"rendered":"<p>Rose Ekol Medya Grubu yeni \u00e7al\u0131\u015fma ofisinin a\u00e7\u0131l\u0131\u015f\u0131 b\u00fcy\u00fck bir co\u015fku ile ger\u00e7ekle\u015fti. A\u00e7\u0131l\u0131\u015f t\u00f6renine \u015eanl\u0131urfa&#46;&#46;&#46;<\/p>\n","protected":false},"author":2,"featured_media":14231,"comment_status":"open","ping_status":"open","sticky":false,"template":"","format":"standard","meta":{"inline_featured_image":false,"footnotes":""},"categories":[82],"tags":[3094,4234,131,139,4235,107],"manset":[],"class_list":["post-14227","post","type-post","status-publish","format-standard","has-post-thumbnail","hentry","category-gundem-haberleri","tag-acilis","tag-rose-ekol-medya-grubu-gorkemli-acilisla-hizmete-devam-ediyor","tag-son-dakika","tag-sondakika","tag-tahir-gulebak","tag-ub"],"_links":{"self":[{"href":"https:\/\/www.urfabugun.com\/index.php\/wp-json\/wp\/v2\/posts\/14227","targetHints":{"allow":["GET"]}}],"collection":[{"href":"https:\/\/www.urfabugun.com\/index.php\/wp-json\/wp\/v2\/posts"}],"about":[{"href":"https:\/\/www.urfabugun.com\/index.php\/wp-json\/wp\/v2\/types\/post"}],"author":[{"embeddable":true,"href":"https:\/\/www.urfabugun.com\/index.php\/wp-json\/wp\/v2\/users\/2"}],"replies":[{"embeddable":true,"href":"https:\/\/www.urfabugun.com\/index.php\/wp-json\/wp\/v2\/comments?post=14227"}],"version-history":[{"count":0,"href":"https:\/\/www.urfabugun.com\/index.php\/wp-json\/wp\/v2\/posts\/14227\/revisions"}],"wp:featuredmedia":[{"embeddable":true,"href":"https:\/\/www.urfabugun.com\/index.php\/wp-json\/wp\/v2\/media\/14231"}],"wp:attachment":[{"href":"https:\/\/www.urfabugun.com\/index.php\/wp-json\/wp\/v2\/media?parent=14227"}],"wp:term":[{"taxonomy":"category","embeddable":true,"href":"https:\/\/www.urfabugun.com\/index.php\/wp-json\/wp\/v2\/categories?post=14227"},{"taxonomy":"post_tag","embeddable":true,"href":"https:\/\/www.urfabugun.com\/index.php\/wp-json\/wp\/v2\/tags?post=14227"},{"taxonomy":"manset","embeddable":true,"href":"https:\/\/www.urfabugun.com\/index.php\/wp-json\/wp\/v2\/manset?post=14227"}],"curies":[{"name":"wp","href":"https:\/\/api.w.org\/{rel}","templated":true}]}}