{"id":14271,"date":"2024-04-29T10:59:29","date_gmt":"2024-04-29T07:59:29","guid":{"rendered":"https:\/\/www.urfabugun.com\/?p=14271"},"modified":"2024-04-29T10:59:37","modified_gmt":"2024-04-29T07:59:37","slug":"sanliurfada-aranan-sahis-yakayi-ele-verdi","status":"publish","type":"post","link":"https:\/\/www.urfabugun.com\/index.php\/2024\/04\/29\/sanliurfada-aranan-sahis-yakayi-ele-verdi\/","title":{"rendered":"\u015eanl\u0131urfa\u2019da Aranan \u015eah\u0131s Yakay\u0131 Ele Verdi"},"content":{"rendered":"\n<p><\/p>\n\n\n\n<p>Edinilen bilgiye g\u00f6re, Ceylanp\u0131nar \u0130l\u00e7e Jandarma Komutanl\u0131\u011f\u0131 ve Jandarma Su\u00e7 Ara\u015ft\u0131rma Timi (JASAT) kasten adam \u00f6ld\u00fcrmek su\u00e7undan 26 y\u0131l 8 ay kesinle\u015fmi\u015f hapis cezas\u0131 oldu\u011fu gerek\u00e7esiyle aranan B.G. isimli \u015fahs\u0131 yakalamak i\u00e7in \u00e7al\u0131\u015fma ba\u015flatt\u0131.<\/p>\n\n\n\n<p>\u00c7al\u0131\u015fma sonucunda B.G. isimli \u015fah\u0131s, Ceylanp\u0131nar\u2019da yakaland\u0131. G\u00f6zalt\u0131na al\u0131nan zanl\u0131, jandarma karakolundaki i\u015flemlerinin ard\u0131ndan sevk edildi\u011fi mahkeme taraf\u0131ndan tutuklanarak Siverek Kapal\u0131 Cezaevine g\u00f6nderildi.<\/p>\n","protected":false},"excerpt":{"rendered":"<p>Edinilen bilgiye g\u00f6re, Ceylanp\u0131nar \u0130l\u00e7e Jandarma Komutanl\u0131\u011f\u0131 ve Jandarma Su\u00e7 Ara\u015ft\u0131rma Timi (JASAT) kasten adam \u00f6ld\u00fcrmek&#46;&#46;&#46;<\/p>\n","protected":false},"author":2,"featured_media":14273,"comment_status":"open","ping_status":"open","sticky":false,"template":"","format":"standard","meta":{"inline_featured_image":false,"footnotes":""},"categories":[75],"tags":[184,118,131,107],"manset":[],"class_list":["post-14271","post","type-post","status-publish","format-standard","has-post-thumbnail","hentry","category-asayis-haberleri","tag-asayis","tag-sanliurfa","tag-son-dakika","tag-ub"],"_links":{"self":[{"href":"https:\/\/www.urfabugun.com\/index.php\/wp-json\/wp\/v2\/posts\/14271","targetHints":{"allow":["GET"]}}],"collection":[{"href":"https:\/\/www.urfabugun.com\/index.php\/wp-json\/wp\/v2\/posts"}],"about":[{"href":"https:\/\/www.urfabugun.com\/index.php\/wp-json\/wp\/v2\/types\/post"}],"author":[{"embeddable":true,"href":"https:\/\/www.urfabugun.com\/index.php\/wp-json\/wp\/v2\/users\/2"}],"replies":[{"embeddable":true,"href":"https:\/\/www.urfabugun.com\/index.php\/wp-json\/wp\/v2\/comments?post=14271"}],"version-history":[{"count":0,"href":"https:\/\/www.urfabugun.com\/index.php\/wp-json\/wp\/v2\/posts\/14271\/revisions"}],"wp:featuredmedia":[{"embeddable":true,"href":"https:\/\/www.urfabugun.com\/index.php\/wp-json\/wp\/v2\/media\/14273"}],"wp:attachment":[{"href":"https:\/\/www.urfabugun.com\/index.php\/wp-json\/wp\/v2\/media?parent=14271"}],"wp:term":[{"taxonomy":"category","embeddable":true,"href":"https:\/\/www.urfabugun.com\/index.php\/wp-json\/wp\/v2\/categories?post=14271"},{"taxonomy":"post_tag","embeddable":true,"href":"https:\/\/www.urfabugun.com\/index.php\/wp-json\/wp\/v2\/tags?post=14271"},{"taxonomy":"manset","embeddable":true,"href":"https:\/\/www.urfabugun.com\/index.php\/wp-json\/wp\/v2\/manset?post=14271"}],"curies":[{"name":"wp","href":"https:\/\/api.w.org\/{rel}","templated":true}]}}