{"id":14275,"date":"2024-04-29T13:49:17","date_gmt":"2024-04-29T10:49:17","guid":{"rendered":"https:\/\/www.urfabugun.com\/?p=14275"},"modified":"2024-04-29T13:49:25","modified_gmt":"2024-04-29T10:49:25","slug":"baskan-kus-basin-mensuplari-ile-bulustu","status":"publish","type":"post","link":"https:\/\/www.urfabugun.com\/index.php\/2024\/04\/29\/baskan-kus-basin-mensuplari-ile-bulustu\/","title":{"rendered":"Ba\u015fkan Ku\u015f Bas\u0131n Mensuplar\u0131 ile Bulu\u015ftu!"},"content":{"rendered":"\n<p><\/p>\n\n\n\n<p><strong>Eyy\u00fcbiye \u0130l\u00e7esi Belediye Ba\u015fkan\u0131 Mehmet Ku\u015f, Kentte g\u00f6rev yapan bas\u0131n mensuplar\u0131yla bir araya geldi.<\/strong><\/p>\n\n\n\n<figure class=\"wp-block-image size-large\"><img loading=\"lazy\" decoding=\"async\" width=\"1024\" height=\"683\" src=\"https:\/\/www.urfabugun.com\/wp-content\/uploads\/2024\/04\/IMG_5361-1024x683.jpeg\" alt=\"\" class=\"wp-image-14278\"\/><\/figure>\n\n\n\n<p>31 Mart 2024 Mahalli \u0130dareler Se\u00e7imleri\u2019nde yeniden \u015eanl\u0131urfa Merkez Eyy\u00fcbiye \u0130l\u00e7esi Belediye Ba\u015fkan\u0131 se\u00e7ilen Mehmet Ku\u015f, bas\u0131n mensuplar\u0131yla bir araya geldi.<\/p>\n\n\n\n<p>Eyy\u00fcbiye Millet Bah\u00e7esi\u2019nde d\u00fczenlenen bas\u0131n toplant\u0131s\u0131na yerel ve ulusala bas\u0131n mensuplar\u0131 kat\u0131ld\u0131.<\/p>\n\n\n\n<figure class=\"wp-block-image size-large\"><img loading=\"lazy\" decoding=\"async\" width=\"1024\" height=\"683\" src=\"https:\/\/www.urfabugun.com\/wp-content\/uploads\/2024\/04\/IMG_5362-1024x683.jpeg\" alt=\"\" class=\"wp-image-14277\"\/><\/figure>\n\n\n\n<p>Ba\u015fkan Ku\u015f, bas\u0131n mensuplar\u0131na ge\u00e7en be\u015f y\u0131ldaki hizmetlerin de\u011ferlendirmesini yapt\u0131.<\/p>\n\n\n\n<p>Ayr\u0131ca tamamlanan, devam eden ve planlanan projeleri hakk\u0131nda da bas\u0131na bilgi veren Ba\u015fkan Mehmet Ku\u015f, belediyenin mali durumu ve kurumsal kapasitesi hakk\u0131nda da a\u00e7\u0131klamalarda bulundu.<\/p>\n","protected":false},"excerpt":{"rendered":"<p>Eyy\u00fcbiye \u0130l\u00e7esi Belediye Ba\u015fkan\u0131 Mehmet Ku\u015f, Kentte g\u00f6rev yapan bas\u0131n mensuplar\u0131yla bir araya geldi. 31 Mart&#46;&#46;&#46;<\/p>\n","protected":false},"author":2,"featured_media":14279,"comment_status":"open","ping_status":"open","sticky":false,"template":"","format":"standard","meta":{"inline_featured_image":false,"footnotes":""},"categories":[82],"tags":[809,134,118,131,107],"manset":[],"class_list":["post-14275","post","type-post","status-publish","format-standard","has-post-thumbnail","hentry","category-gundem-haberleri","tag-eyyubiye-belediyesi","tag-mehmet-kus","tag-sanliurfa","tag-son-dakika","tag-ub"],"_links":{"self":[{"href":"https:\/\/www.urfabugun.com\/index.php\/wp-json\/wp\/v2\/posts\/14275","targetHints":{"allow":["GET"]}}],"collection":[{"href":"https:\/\/www.urfabugun.com\/index.php\/wp-json\/wp\/v2\/posts"}],"about":[{"href":"https:\/\/www.urfabugun.com\/index.php\/wp-json\/wp\/v2\/types\/post"}],"author":[{"embeddable":true,"href":"https:\/\/www.urfabugun.com\/index.php\/wp-json\/wp\/v2\/users\/2"}],"replies":[{"embeddable":true,"href":"https:\/\/www.urfabugun.com\/index.php\/wp-json\/wp\/v2\/comments?post=14275"}],"version-history":[{"count":0,"href":"https:\/\/www.urfabugun.com\/index.php\/wp-json\/wp\/v2\/posts\/14275\/revisions"}],"wp:featuredmedia":[{"embeddable":true,"href":"https:\/\/www.urfabugun.com\/index.php\/wp-json\/wp\/v2\/media\/14279"}],"wp:attachment":[{"href":"https:\/\/www.urfabugun.com\/index.php\/wp-json\/wp\/v2\/media?parent=14275"}],"wp:term":[{"taxonomy":"category","embeddable":true,"href":"https:\/\/www.urfabugun.com\/index.php\/wp-json\/wp\/v2\/categories?post=14275"},{"taxonomy":"post_tag","embeddable":true,"href":"https:\/\/www.urfabugun.com\/index.php\/wp-json\/wp\/v2\/tags?post=14275"},{"taxonomy":"manset","embeddable":true,"href":"https:\/\/www.urfabugun.com\/index.php\/wp-json\/wp\/v2\/manset?post=14275"}],"curies":[{"name":"wp","href":"https:\/\/api.w.org\/{rel}","templated":true}]}}