{"id":14313,"date":"2024-04-30T15:36:48","date_gmt":"2024-04-30T12:36:48","guid":{"rendered":"https:\/\/www.urfabugun.com\/?p=14313"},"modified":"2024-04-30T15:36:55","modified_gmt":"2024-04-30T12:36:55","slug":"kuduste-sehit-olan-kisi-sanliurfali-cikti","status":"publish","type":"post","link":"https:\/\/www.urfabugun.com\/index.php\/2024\/04\/30\/kuduste-sehit-olan-kisi-sanliurfali-cikti\/","title":{"rendered":"Kud\u00fcs\u2019te \u015eehit Olan Ki\u015fi \u015eanl\u0131urfal\u0131 \u00c7\u0131kt\u0131!"},"content":{"rendered":"\n<p><strong>\u0130srail\u2019in Kud\u00fcs Eski Kent b\u00f6lgesindeki Herod Kap\u0131s\u0131 yak\u0131nlar\u0131nda bir polis memuruna b\u0131\u00e7akla sald\u0131ran ve \u00f6ld\u00fcr\u00fclen ki\u015finin \u015eanl\u0131urfa- Haliliye \u0130l\u00e7e M\u00fcft\u00fcl\u00fc\u011f\u00fcne ba\u011fl\u0131 Kepez Mahallesinde caminin imam hatibi oldu\u011fu ortaya \u00e7\u0131kt\u0131.<\/strong><\/p>\n\n\n\n<p>Kud\u00fcs\u2019te \u0130srail askerini b\u0131\u00e7aklay\u0131p ard\u0131ndan \u00f6ld\u00fcr\u00fclen ki\u015finin T\u00fcrkiye\u2019den turist olarak gitti\u011fi ifade edilen Hasan Saklanan\u2019\u0131n \u015eanl\u0131urfa\u2019n\u0131n Haliliye \u0130l\u00e7e M\u00fcft\u00fcl\u00fc\u011f\u00fcne ba\u011fl\u0131 Kepez Mahallesinde caminin imam hatibi oldu\u011fu ortaya \u00e7\u0131kt\u0131.<\/p>\n\n\n\n<p>\u0130srail askerini b\u0131\u00e7aklayan Hasan Saklanan&#8217;\u0131n sald\u0131r\u0131 sonras\u0131 polis taraf\u0131ndan vuruldu\u011fu ve olay yerinde \u00f6ld\u00fc\u011f\u00fc aktar\u0131ld\u0131.<\/p>\n\n\n\n<p>Hasan Saklanan\u2019\u0131n 1990 y\u0131l\u0131nda \u015eanl\u0131urfa\u2019n\u0131n Eyy\u00fcbiye il\u00e7esinde do\u011fdu\u011fu 28 Nisan tarihinde 5 g\u00fcn izin ald\u0131\u011f\u0131 evli ve 4 \u00e7ocuk babas\u0131 oldu\u011fu \u00f6\u011frenildi.<\/p>\n\n\n\n<figure class=\"wp-block-image size-full\"><img loading=\"lazy\" decoding=\"async\" width=\"720\" height=\"720\" src=\"https:\/\/www.urfabugun.com\/wp-content\/uploads\/2024\/04\/c18c1ffa-dbd0-489b-aef5-b82ea8ec89c0.jpg\" alt=\"\" class=\"wp-image-14316\"\/><\/figure>\n","protected":false},"excerpt":{"rendered":"<p>\u0130srail\u2019in Kud\u00fcs Eski Kent b\u00f6lgesindeki Herod Kap\u0131s\u0131 yak\u0131nlar\u0131nda bir polis memuruna b\u0131\u00e7akla sald\u0131ran ve \u00f6ld\u00fcr\u00fclen ki\u015finin&#46;&#46;&#46;<\/p>\n","protected":false},"author":2,"featured_media":14315,"comment_status":"open","ping_status":"open","sticky":false,"template":"","format":"standard","meta":{"inline_featured_image":false,"footnotes":""},"categories":[82],"tags":[4258,4257,107],"manset":[],"class_list":["post-14313","post","type-post","status-publish","format-standard","has-post-thumbnail","hentry","category-gundem-haberleri","tag-hasan-saklanan","tag-kuduste-sehit-olan-kisi-sanliurfali-cikti","tag-ub"],"_links":{"self":[{"href":"https:\/\/www.urfabugun.com\/index.php\/wp-json\/wp\/v2\/posts\/14313","targetHints":{"allow":["GET"]}}],"collection":[{"href":"https:\/\/www.urfabugun.com\/index.php\/wp-json\/wp\/v2\/posts"}],"about":[{"href":"https:\/\/www.urfabugun.com\/index.php\/wp-json\/wp\/v2\/types\/post"}],"author":[{"embeddable":true,"href":"https:\/\/www.urfabugun.com\/index.php\/wp-json\/wp\/v2\/users\/2"}],"replies":[{"embeddable":true,"href":"https:\/\/www.urfabugun.com\/index.php\/wp-json\/wp\/v2\/comments?post=14313"}],"version-history":[{"count":0,"href":"https:\/\/www.urfabugun.com\/index.php\/wp-json\/wp\/v2\/posts\/14313\/revisions"}],"wp:featuredmedia":[{"embeddable":true,"href":"https:\/\/www.urfabugun.com\/index.php\/wp-json\/wp\/v2\/media\/14315"}],"wp:attachment":[{"href":"https:\/\/www.urfabugun.com\/index.php\/wp-json\/wp\/v2\/media?parent=14313"}],"wp:term":[{"taxonomy":"category","embeddable":true,"href":"https:\/\/www.urfabugun.com\/index.php\/wp-json\/wp\/v2\/categories?post=14313"},{"taxonomy":"post_tag","embeddable":true,"href":"https:\/\/www.urfabugun.com\/index.php\/wp-json\/wp\/v2\/tags?post=14313"},{"taxonomy":"manset","embeddable":true,"href":"https:\/\/www.urfabugun.com\/index.php\/wp-json\/wp\/v2\/manset?post=14313"}],"curies":[{"name":"wp","href":"https:\/\/api.w.org\/{rel}","templated":true}]}}