{"id":14346,"date":"2024-05-02T09:56:55","date_gmt":"2024-05-02T06:56:55","guid":{"rendered":"https:\/\/www.urfabugun.com\/?p=14346"},"modified":"2024-05-02T09:57:09","modified_gmt":"2024-05-02T06:57:09","slug":"karakoprude-iki-arac-carpisti-4u-agir-16-kisi-yaralandi","status":"publish","type":"post","link":"https:\/\/www.urfabugun.com\/index.php\/2024\/05\/02\/karakoprude-iki-arac-carpisti-4u-agir-16-kisi-yaralandi\/","title":{"rendered":"Karak\u00f6pr\u00fc&#8217;de \u0130ki Ara\u00e7 \u00c7arp\u0131\u015ft\u0131, 4\u2019\u00fc A\u011f\u0131r, 16 Ki\u015fi Yaraland\u0131!"},"content":{"rendered":"\n<p><\/p>\n\n\n\n<p><strong>\u015eanl\u0131urfa\u2019n\u0131n Karak\u00f6pr\u00fc il\u00e7esinde kamyonet ile otomobilin \u00e7arp\u0131\u015fmas\u0131 sonucu meydana gelen kazada 4\u2019\u00fc a\u011f\u0131r, 16 ki\u015fi yaraland\u0131.<\/strong><\/p>\n\n\n\n<p>Kaza ak\u015fam saatlerinde Karak\u00f6pr\u00fc \u0130l\u00e7esi Bozova-Hilvan Karayolu H\u00fcy\u00fckl\u00fc yol ayr\u0131m\u0131 mevkiinde meydana geldi. Al\u0131nan bilgiye g\u00f6re G. A. y\u00f6netimindeki 42 AJZ 33 plakal\u0131 kapal\u0131 kasa kamyonet ile M. K. y\u00f6netimindeki 63 ACA 772 plakal\u0131 otomobille \u00e7arp\u0131\u015ft\u0131.<\/p>\n\n\n\n<p>\u00c7arpman\u0131n etkisiyle otomobil ile kamyonet \u015farampole yuvarland\u0131. Kazada, s\u00fcr\u00fcc\u00fcler ile yolcu olarak bulunan toplamda 16 ki\u015fi yaraland\u0131. \u0130hbar \u00fczerine olay yerine sevk edilen sa\u011fl\u0131k ekipleri yaral\u0131lar\u0131, ambulanslarla \u015eanl\u0131urfa\u2019daki \u00e7e\u015fitli hastanelerine kald\u0131rd\u0131. Acil serviste tedavi alt\u0131na al\u0131nan 16 yaral\u0131dan 4\u2019\u00fcn\u00fcn sa\u011fl\u0131k durumunun a\u011f\u0131r oldu\u011fu \u00f6\u011frenildi.<\/p>\n\n\n\n<p>Kazaya kar\u0131\u015fan ara\u00e7lar \u00e7ekici yard\u0131m\u0131yla yoldan kald\u0131r\u0131l\u0131rken jandarma ekipleri ise kazayla ilgili soru\u015fturma ba\u015flatt\u0131.<\/p>\n","protected":false},"excerpt":{"rendered":"<p>\u015eanl\u0131urfa\u2019n\u0131n Karak\u00f6pr\u00fc il\u00e7esinde kamyonet ile otomobilin \u00e7arp\u0131\u015fmas\u0131 sonucu meydana gelen kazada 4\u2019\u00fc a\u011f\u0131r, 16 ki\u015fi yaraland\u0131.&#46;&#46;&#46;<\/p>\n","protected":false},"author":2,"featured_media":14348,"comment_status":"open","ping_status":"open","sticky":false,"template":"","format":"standard","meta":{"inline_featured_image":false,"footnotes":""},"categories":[75],"tags":[4267,3488,184,4266,131,107],"manset":[],"class_list":["post-14346","post","type-post","status-publish","format-standard","has-post-thumbnail","hentry","category-asayis-haberleri","tag-16-kisi-yaralandi","tag-4u-agir","tag-asayis","tag-karakoprude-iki-arac-carpisti","tag-son-dakika","tag-ub"],"_links":{"self":[{"href":"https:\/\/www.urfabugun.com\/index.php\/wp-json\/wp\/v2\/posts\/14346","targetHints":{"allow":["GET"]}}],"collection":[{"href":"https:\/\/www.urfabugun.com\/index.php\/wp-json\/wp\/v2\/posts"}],"about":[{"href":"https:\/\/www.urfabugun.com\/index.php\/wp-json\/wp\/v2\/types\/post"}],"author":[{"embeddable":true,"href":"https:\/\/www.urfabugun.com\/index.php\/wp-json\/wp\/v2\/users\/2"}],"replies":[{"embeddable":true,"href":"https:\/\/www.urfabugun.com\/index.php\/wp-json\/wp\/v2\/comments?post=14346"}],"version-history":[{"count":0,"href":"https:\/\/www.urfabugun.com\/index.php\/wp-json\/wp\/v2\/posts\/14346\/revisions"}],"wp:featuredmedia":[{"embeddable":true,"href":"https:\/\/www.urfabugun.com\/index.php\/wp-json\/wp\/v2\/media\/14348"}],"wp:attachment":[{"href":"https:\/\/www.urfabugun.com\/index.php\/wp-json\/wp\/v2\/media?parent=14346"}],"wp:term":[{"taxonomy":"category","embeddable":true,"href":"https:\/\/www.urfabugun.com\/index.php\/wp-json\/wp\/v2\/categories?post=14346"},{"taxonomy":"post_tag","embeddable":true,"href":"https:\/\/www.urfabugun.com\/index.php\/wp-json\/wp\/v2\/tags?post=14346"},{"taxonomy":"manset","embeddable":true,"href":"https:\/\/www.urfabugun.com\/index.php\/wp-json\/wp\/v2\/manset?post=14346"}],"curies":[{"name":"wp","href":"https:\/\/api.w.org\/{rel}","templated":true}]}}