{"id":14390,"date":"2024-05-02T21:54:14","date_gmt":"2024-05-02T18:54:14","guid":{"rendered":"https:\/\/www.urfabugun.com\/?p=14390"},"modified":"2024-05-02T21:54:21","modified_gmt":"2024-05-02T18:54:21","slug":"turkiye-israil-ile-tum-ticareti-durdurdu","status":"publish","type":"post","link":"https:\/\/www.urfabugun.com\/index.php\/2024\/05\/02\/turkiye-israil-ile-tum-ticareti-durdurdu\/","title":{"rendered":"T\u00fcrkiye \u0130srail ile T\u00fcm Ticareti Durdurdu!"},"content":{"rendered":"\n<p><\/p>\n\n\n\n<p><strong>ABD merkezli medya kurulu\u015fu Bloomberg&#8217;e konu\u015fan iki T\u00fcrk yetkiliye g\u00f6re; T\u00fcrkiye, \u0130srail&#8217;e ihracat\u0131 ve \u0130srail&#8217;den t\u00fcm ithalat\u0131 durdurdu.<\/strong><\/p>\n\n\n\n<p>Bloomberg News&#8217;in iki T\u00fcrk yetkiliye dayand\u0131rd\u0131\u011f\u0131 haberine g\u00f6re, T\u00fcrkiye per\u015fembe g\u00fcn\u00fcnden (bug\u00fcn) itibaren \u0130srail&#8217;e ihracat\u0131 ve \u0130srail&#8217;den t\u00fcm ithalat\u0131 durdurdu.<\/p>\n\n\n\n<p>\u0130srail D\u0131\u015fi\u015fleri Bakan\u0131 Israel Katz, bug\u00fcn yapt\u0131\u011f\u0131 a\u00e7\u0131klamada, &#8216;T\u00fcrkiye Cumhurba\u015fkan\u0131 Tayyip Erdo\u011fan&#8217;\u0131n \u0130srail&#8217;in ithalat ve ihracat\u0131na y\u00f6nelik limanlar\u0131 bloke ederek anla\u015fmalar\u0131 ihlal etti\u011fini&#8217; s\u00f6yledi.<\/p>\n\n\n\n<p>Israel Katz, X&#8217;te yapt\u0131\u011f\u0131 payla\u015f\u0131mda, &#8220;Bir diktat\u00f6r b\u00f6yle davran\u0131r, T\u00fcrk halk\u0131n\u0131n ve i\u015f adamlar\u0131n\u0131n \u00e7\u0131karlar\u0131n\u0131 hi\u00e7e sayar, uluslararas\u0131 ticaret anla\u015fmalar\u0131n\u0131 hi\u00e7e sayar&#8221; dedi.<\/p>\n\n\n\n<p>Katz, d\u0131\u015fi\u015fleri bakanl\u0131\u011f\u0131na, yerel \u00fcretime ve di\u011fer \u00fclkelerden ithalata odaklanarak T\u00fcrkiye ile ticarette alternatifler yarat\u0131lmas\u0131 y\u00f6n\u00fcnde \u00e7al\u0131\u015fma talimat\u0131 verdi\u011fini s\u00f6yledi.<\/p>\n\n\n\n<p>T\u00fcrkiye, ge\u00e7en ay \u0130srail&#8217;in Gazze&#8217;deki sald\u0131r\u0131lar\u0131 nedeniyle \u0130srail&#8217;e 54 \u00fcr\u00fcn grubunun ihracat\u0131n\u0131 k\u0131s\u0131tlam\u0131\u015ft\u0131.<\/p>\n\n\n\n<p>T\u00fcrkiye \u0130statistik Kurumu&#8217;na g\u00f6re iki \u00fclke aras\u0131ndaki ticaret 2023&#8217;te 6,8 milyar dolar de\u011ferindeydi ve bunun y\u00fczde 76&#8217;s\u0131 T\u00fcrkiye&#8217;nin ihracat\u0131yd\u0131.<\/p>\n","protected":false},"excerpt":{"rendered":"<p>ABD merkezli medya kurulu\u015fu Bloomberg&#8217;e konu\u015fan iki T\u00fcrk yetkiliye g\u00f6re; T\u00fcrkiye, \u0130srail&#8217;e ihracat\u0131 ve \u0130srail&#8217;den t\u00fcm&#46;&#46;&#46;<\/p>\n","protected":false},"author":2,"featured_media":14392,"comment_status":"open","ping_status":"open","sticky":false,"template":"","format":"standard","meta":{"inline_featured_image":false,"footnotes":""},"categories":[82],"tags":[2904,118,4278,107],"manset":[],"class_list":["post-14390","post","type-post","status-publish","format-standard","has-post-thumbnail","hentry","category-gundem-haberleri","tag-gazze","tag-sanliurfa","tag-turkiye-israil-ile-tum-ticareti-durdurdu","tag-ub"],"_links":{"self":[{"href":"https:\/\/www.urfabugun.com\/index.php\/wp-json\/wp\/v2\/posts\/14390","targetHints":{"allow":["GET"]}}],"collection":[{"href":"https:\/\/www.urfabugun.com\/index.php\/wp-json\/wp\/v2\/posts"}],"about":[{"href":"https:\/\/www.urfabugun.com\/index.php\/wp-json\/wp\/v2\/types\/post"}],"author":[{"embeddable":true,"href":"https:\/\/www.urfabugun.com\/index.php\/wp-json\/wp\/v2\/users\/2"}],"replies":[{"embeddable":true,"href":"https:\/\/www.urfabugun.com\/index.php\/wp-json\/wp\/v2\/comments?post=14390"}],"version-history":[{"count":0,"href":"https:\/\/www.urfabugun.com\/index.php\/wp-json\/wp\/v2\/posts\/14390\/revisions"}],"wp:featuredmedia":[{"embeddable":true,"href":"https:\/\/www.urfabugun.com\/index.php\/wp-json\/wp\/v2\/media\/14392"}],"wp:attachment":[{"href":"https:\/\/www.urfabugun.com\/index.php\/wp-json\/wp\/v2\/media?parent=14390"}],"wp:term":[{"taxonomy":"category","embeddable":true,"href":"https:\/\/www.urfabugun.com\/index.php\/wp-json\/wp\/v2\/categories?post=14390"},{"taxonomy":"post_tag","embeddable":true,"href":"https:\/\/www.urfabugun.com\/index.php\/wp-json\/wp\/v2\/tags?post=14390"},{"taxonomy":"manset","embeddable":true,"href":"https:\/\/www.urfabugun.com\/index.php\/wp-json\/wp\/v2\/manset?post=14390"}],"curies":[{"name":"wp","href":"https:\/\/api.w.org\/{rel}","templated":true}]}}