{"id":14398,"date":"2024-05-03T00:11:46","date_gmt":"2024-05-02T21:11:46","guid":{"rendered":"https:\/\/www.urfabugun.com\/?p=14398"},"modified":"2024-05-03T00:11:54","modified_gmt":"2024-05-02T21:11:54","slug":"afad-duyurdu40-buyuklugunde-deprem","status":"publish","type":"post","link":"https:\/\/www.urfabugun.com\/index.php\/2024\/05\/03\/afad-duyurdu40-buyuklugunde-deprem\/","title":{"rendered":"AFAD Duyurdu:4,0 B\u00fcy\u00fckl\u00fc\u011f\u00fcnde Deprem!"},"content":{"rendered":"\n<p><\/p>\n\n\n\n<p><strong>Afet ve Acil Durum Y\u00f6netimi Ba\u015fkanl\u0131\u011f\u0131&#8217;ndan (AFAD) yap\u0131lan a\u00e7\u0131klamada Elaz\u0131\u011f&#8217;in Sivrice il\u00e7esinde 4,0 b\u00fcy\u00fckl\u00fc\u011f\u00fcnde deprem oldu\u011fu bildirildi.<\/strong><\/p>\n\n\n\n<p>AFAD&#8217;dan yap\u0131lan a\u00e7\u0131klamaya g\u00f6re saat 23. 57 s\u0131ralar\u0131nda merkez \u00fcss\u00fc Elaz\u0131\u011f&#8217;\u0131n Sivrice il\u00e7esi olan 4,0 b\u00fcy\u00fckl\u00fc\u011f\u00fcnde deprem oldu.<br>Sars\u0131nt\u0131 yerin 8.7 kilometre derinli\u011finde meydana geldi.<\/p>\n","protected":false},"excerpt":{"rendered":"<p>Afet ve Acil Durum Y\u00f6netimi Ba\u015fkanl\u0131\u011f\u0131&#8217;ndan (AFAD) yap\u0131lan a\u00e7\u0131klamada Elaz\u0131\u011f&#8217;in Sivrice il\u00e7esinde 4,0 b\u00fcy\u00fckl\u00fc\u011f\u00fcnde deprem oldu\u011fu&#46;&#46;&#46;<\/p>\n","protected":false},"author":2,"featured_media":14400,"comment_status":"open","ping_status":"open","sticky":false,"template":"","format":"standard","meta":{"inline_featured_image":false,"footnotes":""},"categories":[82],"tags":[4281,4280,4282,131,107],"manset":[],"class_list":["post-14398","post","type-post","status-publish","format-standard","has-post-thumbnail","hentry","category-gundem-haberleri","tag-0-buyuklugunde-deprem","tag-afad-duyurdu4","tag-elazig-deprem","tag-son-dakika","tag-ub"],"_links":{"self":[{"href":"https:\/\/www.urfabugun.com\/index.php\/wp-json\/wp\/v2\/posts\/14398","targetHints":{"allow":["GET"]}}],"collection":[{"href":"https:\/\/www.urfabugun.com\/index.php\/wp-json\/wp\/v2\/posts"}],"about":[{"href":"https:\/\/www.urfabugun.com\/index.php\/wp-json\/wp\/v2\/types\/post"}],"author":[{"embeddable":true,"href":"https:\/\/www.urfabugun.com\/index.php\/wp-json\/wp\/v2\/users\/2"}],"replies":[{"embeddable":true,"href":"https:\/\/www.urfabugun.com\/index.php\/wp-json\/wp\/v2\/comments?post=14398"}],"version-history":[{"count":0,"href":"https:\/\/www.urfabugun.com\/index.php\/wp-json\/wp\/v2\/posts\/14398\/revisions"}],"wp:featuredmedia":[{"embeddable":true,"href":"https:\/\/www.urfabugun.com\/index.php\/wp-json\/wp\/v2\/media\/14400"}],"wp:attachment":[{"href":"https:\/\/www.urfabugun.com\/index.php\/wp-json\/wp\/v2\/media?parent=14398"}],"wp:term":[{"taxonomy":"category","embeddable":true,"href":"https:\/\/www.urfabugun.com\/index.php\/wp-json\/wp\/v2\/categories?post=14398"},{"taxonomy":"post_tag","embeddable":true,"href":"https:\/\/www.urfabugun.com\/index.php\/wp-json\/wp\/v2\/tags?post=14398"},{"taxonomy":"manset","embeddable":true,"href":"https:\/\/www.urfabugun.com\/index.php\/wp-json\/wp\/v2\/manset?post=14398"}],"curies":[{"name":"wp","href":"https:\/\/api.w.org\/{rel}","templated":true}]}}