{"id":14415,"date":"2024-05-03T12:35:44","date_gmt":"2024-05-03T09:35:44","guid":{"rendered":"https:\/\/www.urfabugun.com\/?p=14415"},"modified":"2024-05-03T12:35:51","modified_gmt":"2024-05-03T09:35:51","slug":"baskan-ciftcikarakoprude-temizlik-seferberligi-baslatiyoruz","status":"publish","type":"post","link":"https:\/\/www.urfabugun.com\/index.php\/2024\/05\/03\/baskan-ciftcikarakoprude-temizlik-seferberligi-baslatiyoruz\/","title":{"rendered":"Ba\u015fkan \u00c7ift\u00e7i;Karak\u00f6pr\u00fcde Temizlik Seferberli\u011fi Ba\u015flat\u0131yoruz!"},"content":{"rendered":"\n<p><\/p>\n\n\n\n<p><strong>Temiz bir Karak\u00f6pr\u00fc i\u00e7in t\u00fcm vatanda\u015flar\u0131 duyarl\u0131 olmaya davet eden Karak\u00f6pr\u00fc Belediye Ba\u015fkan\u0131 Nihat \u00c7ift\u00e7i, Karak\u00f6pr\u00fc\u2019de geni\u015f kapsaml\u0131 bir temizlik seferberli\u011fi ba\u015flatacaklar\u0131n\u0131 belirtti.<\/strong><\/p>\n\n\n\n<p>Karak\u00f6pr\u00fcl\u00fcleri temizlik seferberli\u011fine katk\u0131da bulunmaya \u00e7a\u011f\u0131ran Ba\u015fkan Nihat \u00c7ift\u00e7i,\u201cVatanda\u015flar\u0131m\u0131z\u0131n, \u00e7\u00f6plerimizi po\u015fetleyerek \u00e7\u00f6p kutular\u0131na atmay\u0131 ailemize ve \u00e7ocuklar\u0131m\u0131za \u00f6\u011fretmeye davet ediyorum.\u201d dedi.<\/p>\n\n\n\n<p>G\u00fcneydo\u011funun modern y\u00fcz\u00fc Karak\u00f6pr\u00fc\u2019de, temizlik noktas\u0131nda fark yaratmak i\u00e7in Karak\u00f6pr\u00fc Belediyesi, sokak sokak, cadde cadde \u00e7al\u0131\u015fmalar\u0131n\u0131 hummal\u0131 bir \u015fekilde s\u00fcrd\u00fcr\u00fcyor.<\/p>\n\n\n\n<figure class=\"wp-block-image size-large\"><img loading=\"lazy\" decoding=\"async\" width=\"1024\" height=\"576\" src=\"https:\/\/www.urfabugun.com\/wp-content\/uploads\/2024\/05\/890d10eb-6273-4892-8e0a-1a575cb17414-1024x576.jpeg\" alt=\"\" class=\"wp-image-14417\"\/><\/figure>\n\n\n\n<p>\u201cKARAK\u00d6PR\u00dc\u2019DE TEM\u0130ZL\u0130K SEFERBERL\u0130\u011e\u0130 BA\u015eLIYOR!&#8221;<\/p>\n\n\n\n<p>Karak\u00f6pr\u00fc\u2019de temizlik seferberli\u011fi ba\u015flatt\u0131klar\u0131n\u0131 ifade eden Karak\u00f6pr\u00fc Belediye Ba\u015fkan\u0131 Nihat \u00c7ift\u00e7i, \u201cD\u00f6nem olarak bahar d\u00f6nemindeyiz. Temizlik \u0130\u015fleri M\u00fcd\u00fcrl\u00fc\u011f\u00fcm\u00fczde bir tak\u0131m toplant\u0131lar yapt\u0131k. \u00d6n\u00fcm\u00fczdeki g\u00fcnlerde Karak\u00f6pr\u00fc\u2019m\u00fcz\u00fcn temizli\u011fi i\u00e7in ciddi anlamda bir temizlik kampanyas\u0131 ba\u015flataca\u011f\u0131z. Her mahallemizde, caddelerde, sokaklarda ve t\u00fcm kald\u0131r\u0131mlarda b\u00fcy\u00fck bir temizlik ata\u011f\u0131 getirece\u011fiz. Temizlik imandand\u0131r anlay\u0131\u015f\u0131 ile \u00e7al\u0131\u015fmalar\u0131m\u0131z\u0131 s\u00fcrd\u00fcrece\u011fiz. Temizli\u011fi korumakta en b\u00fcy\u00fck i\u015f Karak\u00f6pr\u00fcl\u00fc hem\u015fehrilerimizindir. Hem\u015fehrilerimiz kentimizi temiz tutarsa bizlerde yerel y\u00f6neticiler olarak buraya harcayaca\u011f\u0131m\u0131z kaynaklar\u0131 yine vatanda\u015flar\u0131m\u0131z\u0131n refah seviyesini y\u00fckseltecek farkl\u0131 projelerde kullan\u0131r\u0131z.\u201d<\/p>\n\n\n\n<p>\u201c\u00c7\u00d6PLER\u0130M\u0130Z\u0130 PO\u015eETLEYEREK \u00c7\u00d6P KUTULARINA ATALIM\u201d<\/p>\n\n\n\n<p>\u201cTemiz bir Karak\u00f6pr\u00fc\u2019y\u00fc el birli\u011fi ile gelecek nesillerimize emanet etmek i\u00e7in duyarl\u0131 olmal\u0131y\u0131z\u201d diyen Ba\u015fkan Nihat \u00c7ift\u00e7i, Karak\u00f6pr\u00fc\u2019m\u00fcz\u00fcn mesire alan\u0131, parklar ve t\u00fcm sokaklar\u0131m\u0131zda \u00e7\u00f6p kutular\u0131m\u0131z var. Hem\u015fehrilerimizden \u00e7\u00f6plerimizi po\u015fetleyerek \u00e7\u00f6p kutular\u0131na atarak bunu ailemize \u00e7ocuklar\u0131m\u0131za \u00f6\u011fretmeyi rica ediyoruz. Vatanda\u015flar\u0131m\u0131z sokaklar\u0131m\u0131z\u0131 temiz tutarlarsa bizlerde t\u00fcm sokaklar\u0131m\u0131z\u0131 tertemiz p\u0131r\u0131l p\u0131r\u0131l yapar\u0131z\u201d \u015feklinde konu\u015ftu.<\/p>\n","protected":false},"excerpt":{"rendered":"<p>Temiz bir Karak\u00f6pr\u00fc i\u00e7in t\u00fcm vatanda\u015flar\u0131 duyarl\u0131 olmaya davet eden Karak\u00f6pr\u00fc Belediye Ba\u015fkan\u0131 Nihat \u00c7ift\u00e7i, Karak\u00f6pr\u00fc\u2019de&#46;&#46;&#46;<\/p>\n","protected":false},"author":2,"featured_media":14418,"comment_status":"open","ping_status":"open","sticky":false,"template":"","format":"standard","meta":{"inline_featured_image":false,"footnotes":""},"categories":[82],"tags":[4285,118,131,107],"manset":[],"class_list":["post-14415","post","type-post","status-publish","format-standard","has-post-thumbnail","hentry","category-gundem-haberleri","tag-baskan-ciftcikarakoprude-temizlik-seferberligi-baslatiyoruz","tag-sanliurfa","tag-son-dakika","tag-ub"],"_links":{"self":[{"href":"https:\/\/www.urfabugun.com\/index.php\/wp-json\/wp\/v2\/posts\/14415","targetHints":{"allow":["GET"]}}],"collection":[{"href":"https:\/\/www.urfabugun.com\/index.php\/wp-json\/wp\/v2\/posts"}],"about":[{"href":"https:\/\/www.urfabugun.com\/index.php\/wp-json\/wp\/v2\/types\/post"}],"author":[{"embeddable":true,"href":"https:\/\/www.urfabugun.com\/index.php\/wp-json\/wp\/v2\/users\/2"}],"replies":[{"embeddable":true,"href":"https:\/\/www.urfabugun.com\/index.php\/wp-json\/wp\/v2\/comments?post=14415"}],"version-history":[{"count":0,"href":"https:\/\/www.urfabugun.com\/index.php\/wp-json\/wp\/v2\/posts\/14415\/revisions"}],"wp:featuredmedia":[{"embeddable":true,"href":"https:\/\/www.urfabugun.com\/index.php\/wp-json\/wp\/v2\/media\/14418"}],"wp:attachment":[{"href":"https:\/\/www.urfabugun.com\/index.php\/wp-json\/wp\/v2\/media?parent=14415"}],"wp:term":[{"taxonomy":"category","embeddable":true,"href":"https:\/\/www.urfabugun.com\/index.php\/wp-json\/wp\/v2\/categories?post=14415"},{"taxonomy":"post_tag","embeddable":true,"href":"https:\/\/www.urfabugun.com\/index.php\/wp-json\/wp\/v2\/tags?post=14415"},{"taxonomy":"manset","embeddable":true,"href":"https:\/\/www.urfabugun.com\/index.php\/wp-json\/wp\/v2\/manset?post=14415"}],"curies":[{"name":"wp","href":"https:\/\/api.w.org\/{rel}","templated":true}]}}