{"id":14420,"date":"2024-05-03T17:36:59","date_gmt":"2024-05-03T14:36:59","guid":{"rendered":"https:\/\/www.urfabugun.com\/?p=14420"},"modified":"2024-05-03T17:37:06","modified_gmt":"2024-05-03T14:37:06","slug":"belediye-tesislerinde-indirim","status":"publish","type":"post","link":"https:\/\/www.urfabugun.com\/index.php\/2024\/05\/03\/belediye-tesislerinde-indirim\/","title":{"rendered":"Belediye Tesislerinde \u0130ndirim!"},"content":{"rendered":"\n<p><\/p>\n\n\n\n<p><strong>\u015eanl\u0131urfa B\u00fcy\u00fck\u015fehir Belediyesi, kentte \u00f6rnek bir karara imza att\u0131. Al\u0131nan karar do\u011frultusunda belediye b\u00fcnyesindeki t\u00fcm sosyal tesislerde \u00f6\u011frencilere, memurlara ve belediye personeline indirim uygulanacak.<\/strong><\/p>\n\n\n\n<p>\u015eanl\u0131urfa B\u00fcy\u00fck\u015fehir Belediyesi b\u00fcnyesinde bulunan Cumhuriyet Gastronomi Merkezi, Cumhuriyet Tesisleri, BELTUR Ocakba\u015f\u0131, Seyir Tepesi, Millet Bah\u00e7esi Tesisleri, Hamarat Eller, Belediye \u00c7ay Bah\u00e7eleri ve di\u011fer tesislerde, kent genelindeki \u00f6\u011frenci, memur ve belediye personeline y\u00fczde 10 indirim uygulanacak.<\/p>\n\n\n\n<figure class=\"wp-block-image size-large\"><img loading=\"lazy\" decoding=\"async\" width=\"1024\" height=\"682\" src=\"https:\/\/www.urfabugun.com\/wp-content\/uploads\/2024\/05\/55918296-9a96-4b5d-b719-be1a92e2520a-1024x682.jpeg\" alt=\"\" class=\"wp-image-14423\"\/><\/figure>\n\n\n\n<p>\u015eanl\u0131urfa B\u00fcy\u00fck\u015fehir Belediyesi sosyal tesislerinde uygulamaya al\u0131nan y\u00fczde 10\u2019luk indirim karar\u0131 kent genelinde memnuniyetle kar\u015f\u0131land\u0131. Al\u0131nan \u00f6rnek kararla \u00f6\u011frenci, memur ve belediye personeli tesislerdeki y\u00fczde 10\u2019luk indirimden faydalanacak.<\/p>\n","protected":false},"excerpt":{"rendered":"<p>\u015eanl\u0131urfa B\u00fcy\u00fck\u015fehir Belediyesi, kentte \u00f6rnek bir karara imza att\u0131. Al\u0131nan karar do\u011frultusunda belediye b\u00fcnyesindeki t\u00fcm sosyal&#46;&#46;&#46;<\/p>\n","protected":false},"author":2,"featured_media":14422,"comment_status":"open","ping_status":"open","sticky":false,"template":"","format":"standard","meta":{"inline_featured_image":false,"footnotes":""},"categories":[82],"tags":[4286,119,131,107],"manset":[],"class_list":["post-14420","post","type-post","status-publish","format-standard","has-post-thumbnail","hentry","category-gundem-haberleri","tag-belediye-tesislerinde-indirim","tag-sanliurfa-buyuksehir-belediyesi","tag-son-dakika","tag-ub"],"_links":{"self":[{"href":"https:\/\/www.urfabugun.com\/index.php\/wp-json\/wp\/v2\/posts\/14420","targetHints":{"allow":["GET"]}}],"collection":[{"href":"https:\/\/www.urfabugun.com\/index.php\/wp-json\/wp\/v2\/posts"}],"about":[{"href":"https:\/\/www.urfabugun.com\/index.php\/wp-json\/wp\/v2\/types\/post"}],"author":[{"embeddable":true,"href":"https:\/\/www.urfabugun.com\/index.php\/wp-json\/wp\/v2\/users\/2"}],"replies":[{"embeddable":true,"href":"https:\/\/www.urfabugun.com\/index.php\/wp-json\/wp\/v2\/comments?post=14420"}],"version-history":[{"count":0,"href":"https:\/\/www.urfabugun.com\/index.php\/wp-json\/wp\/v2\/posts\/14420\/revisions"}],"wp:featuredmedia":[{"embeddable":true,"href":"https:\/\/www.urfabugun.com\/index.php\/wp-json\/wp\/v2\/media\/14422"}],"wp:attachment":[{"href":"https:\/\/www.urfabugun.com\/index.php\/wp-json\/wp\/v2\/media?parent=14420"}],"wp:term":[{"taxonomy":"category","embeddable":true,"href":"https:\/\/www.urfabugun.com\/index.php\/wp-json\/wp\/v2\/categories?post=14420"},{"taxonomy":"post_tag","embeddable":true,"href":"https:\/\/www.urfabugun.com\/index.php\/wp-json\/wp\/v2\/tags?post=14420"},{"taxonomy":"manset","embeddable":true,"href":"https:\/\/www.urfabugun.com\/index.php\/wp-json\/wp\/v2\/manset?post=14420"}],"curies":[{"name":"wp","href":"https:\/\/api.w.org\/{rel}","templated":true}]}}