{"id":14431,"date":"2024-05-05T12:00:34","date_gmt":"2024-05-05T09:00:34","guid":{"rendered":"https:\/\/www.urfabugun.com\/?p=14431"},"modified":"2024-05-05T12:00:41","modified_gmt":"2024-05-05T09:00:41","slug":"gocmen-kacakciligina-gecit-yok-16-organizator-yakalandi","status":"publish","type":"post","link":"https:\/\/www.urfabugun.com\/index.php\/2024\/05\/05\/gocmen-kacakciligina-gecit-yok-16-organizator-yakalandi\/","title":{"rendered":"G\u00f6\u00e7men Ka\u00e7ak\u00e7\u0131l\u0131\u011f\u0131na Ge\u00e7it Yok: 16 Organizat\u00f6r Yakaland\u0131!"},"content":{"rendered":"\n<p><\/p>\n\n\n\n<p><strong>\u0130\u00e7i\u015fleri Bakan\u0131 Ali Yerlikaya, Mu\u011fla ve Adana&#8217;da d\u00fczenlenen &#8220;Kalkan-21&#8221; operasyonunda 16 g\u00f6\u00e7men ka\u00e7ak\u00e7\u0131l\u0131\u011f\u0131 organizat\u00f6r\u00fcn\u00fcn yakaland\u0131\u011f\u0131n\u0131, bunlardan 12&#8217;sinin tutukland\u0131\u011f\u0131n\u0131 ve 4&#8217;\u00fc hakk\u0131nda adli kontrol karar\u0131 verildi\u011fini bildirdi.<\/strong><\/p>\n\n\n\n<p>Bakan Yerlikaya, sosyal medya hesab\u0131ndan yapt\u0131\u011f\u0131 payla\u015f\u0131mda, d\u00fczensiz g\u00f6\u00e7 ve g\u00f6\u00e7men ka\u00e7ak\u00e7\u0131l\u0131\u011f\u0131n\u0131 \u00f6nlemek i\u00e7in T\u00fcrkiye&#8217;nin her b\u00f6lgesinde kararl\u0131l\u0131kla s\u00fcrd\u00fcrd\u00fckleri operasyonlar\u0131n aral\u0131ks\u0131z devam edece\u011fini vurgulayarak, &#8220;\u00dclkemizi d\u00fczensiz g\u00f6\u00e7\u00fcn hedefi ve transit ge\u00e7i\u015f yolu haline getirmeye \u00e7al\u0131\u015fan g\u00f6\u00e7men ka\u00e7ak\u00e7\u0131lar\u0131na asla f\u0131rsat vermeyece\u011fiz.&#8221; ifadesini kulland\u0131.<\/p>\n\n\n\n<p>Bu kapsamda, G\u00f6\u00e7 \u0130daresi Ba\u015fkanl\u0131\u011f\u0131, Emniyet Genel M\u00fcd\u00fcrl\u00fc\u011f\u00fc G\u00f6\u00e7men Ka\u00e7ak\u00e7\u0131l\u0131\u011f\u0131yla M\u00fccadele ve Hudut Kap\u0131lar\u0131 Daire Ba\u015fkanl\u0131\u011f\u0131 koordinesinde &#8220;Kalkan-21&#8221; operasyonu d\u00fczenlendi\u011fini belirten Yerlikaya, \u015funlar\u0131 kaydetti:<\/p>\n\n\n\n<p>&#8220;Mu\u011fla \u0130l Emniyet M\u00fcd\u00fcrl\u00fc\u011f\u00fc G\u00f6\u00e7men Ka\u00e7ak\u00e7\u0131l\u0131\u011f\u0131yla M\u00fccadele ve Hudut Kap\u0131lar\u0131 \u015eube M\u00fcd\u00fcrl\u00fc\u011f\u00fcnce yap\u0131lan \u00e7al\u0131\u015fmalar sonucu g\u00f6\u00e7men ka\u00e7ak\u00e7\u0131l\u0131\u011f\u0131 organizat\u00f6rlerine y\u00f6nelik d\u00fczenlenen operasyonda 5 g\u00f6\u00e7men ka\u00e7ak\u00e7\u0131l\u0131\u011f\u0131 organizat\u00f6r\u00fc yakaland\u0131. 3&#8217;\u00fc tutukland\u0131, 2&#8217;si hakk\u0131nda adli kontrol karar\u0131 verildi.<\/p>\n\n\n\n<p>Adana \u0130l Emniyet M\u00fcd\u00fcrl\u00fc\u011f\u00fc G\u00f6\u00e7men Ka\u00e7ak\u00e7\u0131l\u0131\u011f\u0131yla M\u00fccadele ve Hudut Kap\u0131lar\u0131 \u015eube M\u00fcd\u00fcrl\u00fc\u011f\u00fcnce yap\u0131lan \u00e7al\u0131\u015fmalar sonucu g\u00f6\u00e7men ka\u00e7ak\u00e7\u0131l\u0131\u011f\u0131 organizat\u00f6rlerine y\u00f6nelik d\u00fczenlenen operasyonda 7&#8217;si yabanc\u0131 uyruklu olmak \u00fczere toplamda 11 g\u00f6\u00e7men ka\u00e7ak\u00e7\u0131l\u0131\u011f\u0131 organizat\u00f6r\u00fc yakaland\u0131. 9&#8217;u tutukland\u0131, 2&#8217;si hakk\u0131nda adli kontrol karar\u0131 verildi.&#8221;<\/p>\n\n\n\n<p>Operasyonlar sonucu \u00e7ok miktarda d\u00f6viz ile T\u00fcrk liras\u0131na el konuldu\u011funu aktaran Yerlikaya, operasyonu ger\u00e7ekle\u015ftiren polisi ve personeli kutlad\u0131.<\/p>\n","protected":false},"excerpt":{"rendered":"<p>\u0130\u00e7i\u015fleri Bakan\u0131 Ali Yerlikaya, Mu\u011fla ve Adana&#8217;da d\u00fczenlenen &#8220;Kalkan-21&#8221; operasyonunda 16 g\u00f6\u00e7men ka\u00e7ak\u00e7\u0131l\u0131\u011f\u0131 organizat\u00f6r\u00fcn\u00fcn yakaland\u0131\u011f\u0131n\u0131, bunlardan&#46;&#46;&#46;<\/p>\n","protected":false},"author":2,"featured_media":14433,"comment_status":"open","ping_status":"open","sticky":false,"template":"","format":"standard","meta":{"inline_featured_image":false,"footnotes":""},"categories":[75],"tags":[4291,131,107],"manset":[],"class_list":["post-14431","post","type-post","status-publish","format-standard","has-post-thumbnail","hentry","category-asayis-haberleri","tag-gocmen-kacakciligina-gecit-yok-16-organizator-yakalandi","tag-son-dakika","tag-ub"],"_links":{"self":[{"href":"https:\/\/www.urfabugun.com\/index.php\/wp-json\/wp\/v2\/posts\/14431","targetHints":{"allow":["GET"]}}],"collection":[{"href":"https:\/\/www.urfabugun.com\/index.php\/wp-json\/wp\/v2\/posts"}],"about":[{"href":"https:\/\/www.urfabugun.com\/index.php\/wp-json\/wp\/v2\/types\/post"}],"author":[{"embeddable":true,"href":"https:\/\/www.urfabugun.com\/index.php\/wp-json\/wp\/v2\/users\/2"}],"replies":[{"embeddable":true,"href":"https:\/\/www.urfabugun.com\/index.php\/wp-json\/wp\/v2\/comments?post=14431"}],"version-history":[{"count":0,"href":"https:\/\/www.urfabugun.com\/index.php\/wp-json\/wp\/v2\/posts\/14431\/revisions"}],"wp:featuredmedia":[{"embeddable":true,"href":"https:\/\/www.urfabugun.com\/index.php\/wp-json\/wp\/v2\/media\/14433"}],"wp:attachment":[{"href":"https:\/\/www.urfabugun.com\/index.php\/wp-json\/wp\/v2\/media?parent=14431"}],"wp:term":[{"taxonomy":"category","embeddable":true,"href":"https:\/\/www.urfabugun.com\/index.php\/wp-json\/wp\/v2\/categories?post=14431"},{"taxonomy":"post_tag","embeddable":true,"href":"https:\/\/www.urfabugun.com\/index.php\/wp-json\/wp\/v2\/tags?post=14431"},{"taxonomy":"manset","embeddable":true,"href":"https:\/\/www.urfabugun.com\/index.php\/wp-json\/wp\/v2\/manset?post=14431"}],"curies":[{"name":"wp","href":"https:\/\/api.w.org\/{rel}","templated":true}]}}