{"id":14441,"date":"2024-05-05T16:57:20","date_gmt":"2024-05-05T13:57:20","guid":{"rendered":"https:\/\/www.urfabugun.com\/?p=14441"},"modified":"2024-05-05T16:57:27","modified_gmt":"2024-05-05T13:57:27","slug":"kabine-yarin-toplaniyor-iste-gundem-maddeleri","status":"publish","type":"post","link":"https:\/\/www.urfabugun.com\/index.php\/2024\/05\/05\/kabine-yarin-toplaniyor-iste-gundem-maddeleri\/","title":{"rendered":"Kabine Yar\u0131n Toplan\u0131yor: \u0130\u015fte G\u00fcndem Maddeleri\u2026"},"content":{"rendered":"\n<p><\/p>\n\n\n\n<p><strong>Cumhurba\u015fkan\u0131 Erdo\u011fan, yar\u0131n Be\u015ftepe&#8217;deki kabine toplant\u0131s\u0131na ba\u015fkanl\u0131k edecek.<\/strong><\/p>\n\n\n\n<p>Enflasyonla m\u00fccadele, T\u00fcrkiye&#8217;nin G\u00fcney Afrika&#8217;n\u0131n \u0130srail&#8217;e kar\u015f\u0131 Uluslararas\u0131 Adalet Divan\u0131&#8217;nda a\u00e7t\u0131\u011f\u0131 davada m\u00fcdahil olma karar\u0131 ve \u00f6\u011fretmen atamalar\u0131\u2026<\/p>\n\n\n\n<p>Cumhurba\u015fkan\u0131 Recep Tayyip Erdo\u011fan&#8217;\u0131n ba\u015fkanl\u0131\u011f\u0131ndaki kabine toplant\u0131s\u0131n\u0131n g\u00fcndemi yo\u011fun\u2026<\/p>\n\n\n\n<p>T\u00fcrkiye, \u0130srail&#8217;e 54 \u00fcr\u00fcn grubunda uygulad\u0131\u011f\u0131 ihracat k\u0131s\u0131tlamas\u0131n\u0131 t\u00fcm \u00fcr\u00fcnler i\u00e7in geni\u015fletti.<\/p>\n\n\n\n<p>Be\u015ftepe&#8217;deki kabine toplant\u0131s\u0131nda karar\u0131n etkileri de\u011ferlendirilecek.<\/p>\n\n\n\n<p>G\u00fcncel ekonomik geli\u015fmeler de de\u011ferlendirilecek<\/p>\n\n\n\n<p>Nisan ay\u0131 enflasyon rakamlar\u0131, d\u0131\u015f ticaret verileri, T\u00fcrkiye&#8217;nin kredi notunun artt\u0131r\u0131lmas\u0131, fahi\u015f fiyat ile m\u00fccadele\u2026<\/p>\n\n\n\n<p>Kabine toplant\u0131s\u0131nda ekonomideki g\u00fcncel geli\u015fmeler de masada olacak.<\/p>\n\n\n\n<p>Toplant\u0131da; T\u00fcrkiye&#8217;nin, G\u00fcney Afrika&#8217;n\u0131n \u0130srail&#8217;e kar\u015f\u0131 Uluslararas\u0131 Adalet Divan\u0131&#8217;nda a\u00e7t\u0131\u011f\u0131 davada m\u00fcdahil olma karar\u0131yla ilgili s\u00fcre\u00e7 de\u011ferlendirilecek.<\/p>\n\n\n\n<p>Atanacak \u00f6\u011fretmen say\u0131s\u0131 ve bran\u015flar\u0131n ele al\u0131nmas\u0131 bekleniyor<\/p>\n\n\n\n<p>\u00d6\u011fretmen atamalar\u0131n\u0131n da g\u00fcndemde olmas\u0131 bekleniyor. Atanacak \u00f6\u011fretmen say\u0131s\u0131 ve bran\u015f baz\u0131nda kontenjan da\u011f\u0131l\u0131mlar\u0131 ile ilgili de\u011ferlendirme yap\u0131lacak.<\/p>\n\n\n\n<p>Toplant\u0131da, ter\u00f6rle m\u00fccadele operasyonlar\u0131ndaki son durum da ele al\u0131nacak.<\/p>\n","protected":false},"excerpt":{"rendered":"<p>Cumhurba\u015fkan\u0131 Erdo\u011fan, yar\u0131n Be\u015ftepe&#8217;deki kabine toplant\u0131s\u0131na ba\u015fkanl\u0131k edecek. Enflasyonla m\u00fccadele, T\u00fcrkiye&#8217;nin G\u00fcney Afrika&#8217;n\u0131n \u0130srail&#8217;e kar\u015f\u0131 Uluslararas\u0131&#46;&#46;&#46;<\/p>\n","protected":false},"author":2,"featured_media":14443,"comment_status":"open","ping_status":"open","sticky":false,"template":"","format":"standard","meta":{"inline_featured_image":false,"footnotes":""},"categories":[82],"tags":[747,4293,118,131,107],"manset":[],"class_list":["post-14441","post","type-post","status-publish","format-standard","has-post-thumbnail","hentry","category-gundem-haberleri","tag-kabine-toplantisi","tag-kabine-yarin-toplaniyor-iste-gundem-maddeleri","tag-sanliurfa","tag-son-dakika","tag-ub"],"_links":{"self":[{"href":"https:\/\/www.urfabugun.com\/index.php\/wp-json\/wp\/v2\/posts\/14441","targetHints":{"allow":["GET"]}}],"collection":[{"href":"https:\/\/www.urfabugun.com\/index.php\/wp-json\/wp\/v2\/posts"}],"about":[{"href":"https:\/\/www.urfabugun.com\/index.php\/wp-json\/wp\/v2\/types\/post"}],"author":[{"embeddable":true,"href":"https:\/\/www.urfabugun.com\/index.php\/wp-json\/wp\/v2\/users\/2"}],"replies":[{"embeddable":true,"href":"https:\/\/www.urfabugun.com\/index.php\/wp-json\/wp\/v2\/comments?post=14441"}],"version-history":[{"count":0,"href":"https:\/\/www.urfabugun.com\/index.php\/wp-json\/wp\/v2\/posts\/14441\/revisions"}],"wp:featuredmedia":[{"embeddable":true,"href":"https:\/\/www.urfabugun.com\/index.php\/wp-json\/wp\/v2\/media\/14443"}],"wp:attachment":[{"href":"https:\/\/www.urfabugun.com\/index.php\/wp-json\/wp\/v2\/media?parent=14441"}],"wp:term":[{"taxonomy":"category","embeddable":true,"href":"https:\/\/www.urfabugun.com\/index.php\/wp-json\/wp\/v2\/categories?post=14441"},{"taxonomy":"post_tag","embeddable":true,"href":"https:\/\/www.urfabugun.com\/index.php\/wp-json\/wp\/v2\/tags?post=14441"},{"taxonomy":"manset","embeddable":true,"href":"https:\/\/www.urfabugun.com\/index.php\/wp-json\/wp\/v2\/manset?post=14441"}],"curies":[{"name":"wp","href":"https:\/\/api.w.org\/{rel}","templated":true}]}}