{"id":14463,"date":"2024-05-06T11:03:06","date_gmt":"2024-05-06T08:03:06","guid":{"rendered":"https:\/\/www.urfabugun.com\/?p=14463"},"modified":"2024-05-06T11:03:13","modified_gmt":"2024-05-06T08:03:13","slug":"urfali-sarkici-estetik-furyasina-katildi","status":"publish","type":"post","link":"https:\/\/www.urfabugun.com\/index.php\/2024\/05\/06\/urfali-sarkici-estetik-furyasina-katildi\/","title":{"rendered":"Urfal\u0131 Sark\u0131c\u0131 Estetik Furyas\u0131na Kat\u0131ld\u0131!"},"content":{"rendered":"\n<p><\/p>\n\n\n\n<p><strong>\u00dcnl\u00fc \u015fark\u0131c\u0131 Mahmut Tuncer de estetik operasyon yapt\u0131ran \u00fcnl\u00fcler kervan\u0131na kat\u0131ld\u0131.<\/strong><\/p>\n\n\n\n<p>Rafet El Roman, Mustafa Sandal, Cenk Eren gibi \u015fark\u0131c\u0131lardan sonra estetik yapt\u0131ranlar kervan\u0131na Mahmut Tuncer de kat\u0131ld\u0131. Yeni g\u00f6r\u00fcnt\u00fcs\u00fc sosyal medyada payla\u015f\u0131lan Tuncer g\u00fcndeme oturdu.<\/p>\n\n\n\n<p><strong>Y\u00dcZ\u00dcN\u00dc GERD\u0130RD\u0130, G\u00d6Z TORBALARINI ALDIRDI<\/strong><\/p>\n\n\n\n<p>Y\u00fcz\u00fcndeki k\u0131r\u0131kl\u0131klardan \u015fikayet\u00e7i olan Tuncer&#8217;in &#8216;t\u00fcm y\u00fcz gen\u00e7le\u015ftirme (YouLift) operasyonu i\u00e7in doktorun kap\u0131s\u0131n\u0131 \u00e7ald\u0131. Y\u00fcz\u00fcn\u00fc gerdiren \u015fark\u0131c\u0131, ayr\u0131ca g\u00f6z alt\u0131 torbalar\u0131n\u0131 da ald\u0131rd\u0131.<\/p>\n\n\n\n<p><strong>SOSYAL MEDYADA G\u00dcNDEM OLDU<\/strong><\/p>\n\n\n\n<p>Tuncer&#8217;i 10 ya\u015f gen\u00e7le\u015ftiren operasyon sonras\u0131 sosyal medya kullan\u0131c\u0131lar\u0131ndan bir\u00e7ok yorum geldi.<\/p>\n\n\n\n<p>Yap\u0131lan yorumlardan baz\u0131lar\u0131 \u015funlar;<\/p>\n\n\n\n<ul class=\"wp-block-list\">\n<li>Estetik yapt\u0131rmayan \u00fcnl\u00fc kald\u0131 m\u0131?<\/li>\n\n\n\n<li>\u00c7ama\u015f\u0131r suyuyla y\u00fcz\u00fc silinmi\u015f gibi g\u00f6r\u00fcn\u00fcyor.<\/li>\n\n\n\n<li>Daha \u00e7ok \u0131\u015f\u0131k alt\u0131na gelmi\u015f gibi geldi bana&#8230;<\/li>\n\n\n\n<li>\u00c7ok de\u011fi\u015fmi\u015f, tan\u0131yamad\u0131m.<\/li>\n\n\n\n<li>Adam\u0131 pudralay\u0131p g\u00f6ndermi\u015fler<\/li>\n\n\n\n<li>Bu nedir loooooooo&#8230;<\/li>\n\n\n\n<li>Krem ile cilala parlat&#8230;<\/li>\n\n\n\n<li>\u0130lk defa birine estetik yak\u0131\u015fm\u0131\u015f.<\/li>\n\n\n\n<li>Y\u00fcz\u00fcn\u00fc m\u00fc y\u0131kad\u0131n\u0131z napt\u0131n\u0131z<\/li>\n\n\n\n<li>Mahmut Gen\u00e7er<\/li>\n\n\n\n<li>Y\u00fcze bir su \u00e7al\u0131p estetik diye yutturdunuz mu lan.<\/li>\n\n\n\n<li>Abi seni kand\u0131rm\u0131\u015flar estetik de\u011fil cilt bak\u0131m\u0131 yapm\u0131\u015flar.<\/li>\n\n\n\n<li>Berberde yapt\u0131rd\u0131\u011f\u0131m maskeden beklentim.<\/li>\n\n\n\n<li>Samsung kameras\u0131-iphone kameras\u0131&#8230;<\/li>\n\n\n\n<li>Arko krem s\u00fcr\u00fcp g\u00f6ndermi\u015fler adam\u0131&#8230;<\/li>\n<\/ul>\n","protected":false},"excerpt":{"rendered":"<p>\u00dcnl\u00fc \u015fark\u0131c\u0131 Mahmut Tuncer de estetik operasyon yapt\u0131ran \u00fcnl\u00fcler kervan\u0131na kat\u0131ld\u0131. Rafet El Roman, Mustafa Sandal,&#46;&#46;&#46;<\/p>\n","protected":false},"author":2,"featured_media":14465,"comment_status":"open","ping_status":"open","sticky":false,"template":"","format":"standard","meta":{"inline_featured_image":false,"footnotes":""},"categories":[85],"tags":[115,4298,131,107,4297],"manset":[],"class_list":["post-14463","post","type-post","status-publish","format-standard","has-post-thumbnail","hentry","category-magazin-haberleri","tag-magazin","tag-mahmut-tuncer","tag-son-dakika","tag-ub","tag-urfali-sarkici-estetik-furyasina-katildi"],"_links":{"self":[{"href":"https:\/\/www.urfabugun.com\/index.php\/wp-json\/wp\/v2\/posts\/14463","targetHints":{"allow":["GET"]}}],"collection":[{"href":"https:\/\/www.urfabugun.com\/index.php\/wp-json\/wp\/v2\/posts"}],"about":[{"href":"https:\/\/www.urfabugun.com\/index.php\/wp-json\/wp\/v2\/types\/post"}],"author":[{"embeddable":true,"href":"https:\/\/www.urfabugun.com\/index.php\/wp-json\/wp\/v2\/users\/2"}],"replies":[{"embeddable":true,"href":"https:\/\/www.urfabugun.com\/index.php\/wp-json\/wp\/v2\/comments?post=14463"}],"version-history":[{"count":0,"href":"https:\/\/www.urfabugun.com\/index.php\/wp-json\/wp\/v2\/posts\/14463\/revisions"}],"wp:featuredmedia":[{"embeddable":true,"href":"https:\/\/www.urfabugun.com\/index.php\/wp-json\/wp\/v2\/media\/14465"}],"wp:attachment":[{"href":"https:\/\/www.urfabugun.com\/index.php\/wp-json\/wp\/v2\/media?parent=14463"}],"wp:term":[{"taxonomy":"category","embeddable":true,"href":"https:\/\/www.urfabugun.com\/index.php\/wp-json\/wp\/v2\/categories?post=14463"},{"taxonomy":"post_tag","embeddable":true,"href":"https:\/\/www.urfabugun.com\/index.php\/wp-json\/wp\/v2\/tags?post=14463"},{"taxonomy":"manset","embeddable":true,"href":"https:\/\/www.urfabugun.com\/index.php\/wp-json\/wp\/v2\/manset?post=14463"}],"curies":[{"name":"wp","href":"https:\/\/api.w.org\/{rel}","templated":true}]}}