{"id":14490,"date":"2024-05-07T09:58:43","date_gmt":"2024-05-07T06:58:43","guid":{"rendered":"https:\/\/www.urfabugun.com\/?p=14490"},"modified":"2024-05-07T09:58:49","modified_gmt":"2024-05-07T06:58:49","slug":"20-bin-ogretmen-atamasi-yapilacak","status":"publish","type":"post","link":"https:\/\/www.urfabugun.com\/index.php\/2024\/05\/07\/20-bin-ogretmen-atamasi-yapilacak\/","title":{"rendered":"20 Bin \u00d6\u011fretmen Atamas\u0131 Yap\u0131lacak!"},"content":{"rendered":"\n<p><\/p>\n\n\n\n<p><strong>Milli E\u011fitim Bakan\u0131 Tekin: 20 bin \u00f6\u011fretmen atamas\u0131 konusunda uzla\u015ft\u0131k.<\/strong><\/p>\n\n\n\n<p>Bakan Yusuf Tekin&#8217;in a\u00e7\u0131klamalar\u0131ndan \u00f6ne \u00e7\u0131kanlar:<\/p>\n\n\n\n<p>Personel genel m\u00fcd\u00fcrl\u00fc\u011f\u00fcm\u00fcz bran\u015f da\u011f\u0131l\u0131mlar\u0131yla ilgili \u00e7al\u0131\u015fmalar\u0131n\u0131 y\u00fcr\u00fctt\u00fc. Ben daha \u00f6nce de \u00e7ok defa s\u00f6ylemi\u015ftim. Milli E\u011fitim Bakan\u0131 olarak benim \u015fu bran\u015f \u00f6nemlidir ya da \u015fu bran\u015f \u00f6nemsizdir diye bir bak\u0131\u015f a\u00e7\u0131m yok.<\/p>\n\n\n\n<p>Atama alanlar\u0131na ba\u015fl\u0131k olarak se\u00e7ilen 130&#8217;a yak\u0131n bran\u015f\u0131n tamam\u0131 benim i\u00e7in e\u015fit \u00f6nemdedir. Bunu yaparken de daha \u00f6nce s\u00f6yledi\u011fim gibi ihtiya\u00e7lar\u0131m\u0131z, elimizdeki kadro miktar\u0131 bu \u00e7er\u00e7evede bir smilasyon olu\u015fturduk. Bran\u015f isimlerini kapatarak ihtiya\u00e7 do\u011frultusunda bir da\u011f\u0131l\u0131m yap\u0131lmas\u0131n\u0131 istedik.<\/p>\n\n\n\n<p><strong>BA\u015eLICA BRAN\u015e DA\u011eILIMI<\/strong><\/p>\n\n\n\n<p>Bran\u015f isimlerini kapatarak ihtiya\u00e7 do\u011frultusunda bir da\u011f\u0131l\u0131m yap\u0131lmas\u0131n\u0131 istedik. Bu \u00e7er\u00e7evede en \u00e7ok atama yapmay\u0131 planlad\u0131\u011f\u0131m\u0131z 5 alan\u0131 s\u00f6yleyim.<\/p>\n\n\n\n<p>S\u0131n\u0131f \u00f6\u011fretmenli\u011fi i\u00e7in 3 bin 263 arkada\u015f\u0131m\u0131z, \u00d6zel E\u011fitim \u00d6\u011fretmenli\u011fi i\u00e7in 2 bin 499, rehberlik bin 597, Din K\u00fclt\u00fcr\u00fc ve Ahlak Bilgisi 1594, \u0130ngilizce 968.<\/p>\n\n\n\n<p>Bunlar tamamen sadece m\u00fclakat yoluyla atama de\u011fil, y\u00fczde 50 y\u00fczde 50 yani KPSS skorunun y\u00fczde 50&#8217;si m\u00fclakat\u0131n y\u00fczde 50&#8217;si olarak yap\u0131lacak.<\/p>\n\n\n\n<p>Ekonomik parametreler a\u00e7\u0131s\u0131ndan s\u0131k\u0131nt\u0131l\u0131 bir d\u00f6nemdeyken bize bu konuda destek olan kurumlar\u0131m\u0131za ve Cumhurba\u015fkan\u0131m\u0131za \u015f\u00fckranlar\u0131m\u0131z\u0131 sunuyorum.<\/p>\n\n\n\n<p>E\u011fitim camiam\u0131za hay\u0131rl\u0131 olsun. Bu vesileyle iyi niyetli bir bi\u00e7imde tekliflerini ileten ki\u015filere samimiyetle te\u015fekk\u00fcr ediyorum. Her bir \u00f6neri ilgili genel m\u00fcd\u00fcrl\u00fcklerde titizlikle de\u011ferlendirilecek.<\/p>\n","protected":false},"excerpt":{"rendered":"<p>Milli E\u011fitim Bakan\u0131 Tekin: 20 bin \u00f6\u011fretmen atamas\u0131 konusunda uzla\u015ft\u0131k. Bakan Yusuf Tekin&#8217;in a\u00e7\u0131klamalar\u0131ndan \u00f6ne \u00e7\u0131kanlar:&#46;&#46;&#46;<\/p>\n","protected":false},"author":2,"featured_media":14492,"comment_status":"open","ping_status":"open","sticky":false,"template":"","format":"standard","meta":{"inline_featured_image":false,"footnotes":""},"categories":[82],"tags":[4305,217,131,107],"manset":[],"class_list":["post-14490","post","type-post","status-publish","format-standard","has-post-thumbnail","hentry","category-gundem-haberleri","tag-20-bin-ogretmen-atamasi-yapilacak","tag-atama","tag-son-dakika","tag-ub"],"_links":{"self":[{"href":"https:\/\/www.urfabugun.com\/index.php\/wp-json\/wp\/v2\/posts\/14490","targetHints":{"allow":["GET"]}}],"collection":[{"href":"https:\/\/www.urfabugun.com\/index.php\/wp-json\/wp\/v2\/posts"}],"about":[{"href":"https:\/\/www.urfabugun.com\/index.php\/wp-json\/wp\/v2\/types\/post"}],"author":[{"embeddable":true,"href":"https:\/\/www.urfabugun.com\/index.php\/wp-json\/wp\/v2\/users\/2"}],"replies":[{"embeddable":true,"href":"https:\/\/www.urfabugun.com\/index.php\/wp-json\/wp\/v2\/comments?post=14490"}],"version-history":[{"count":0,"href":"https:\/\/www.urfabugun.com\/index.php\/wp-json\/wp\/v2\/posts\/14490\/revisions"}],"wp:featuredmedia":[{"embeddable":true,"href":"https:\/\/www.urfabugun.com\/index.php\/wp-json\/wp\/v2\/media\/14492"}],"wp:attachment":[{"href":"https:\/\/www.urfabugun.com\/index.php\/wp-json\/wp\/v2\/media?parent=14490"}],"wp:term":[{"taxonomy":"category","embeddable":true,"href":"https:\/\/www.urfabugun.com\/index.php\/wp-json\/wp\/v2\/categories?post=14490"},{"taxonomy":"post_tag","embeddable":true,"href":"https:\/\/www.urfabugun.com\/index.php\/wp-json\/wp\/v2\/tags?post=14490"},{"taxonomy":"manset","embeddable":true,"href":"https:\/\/www.urfabugun.com\/index.php\/wp-json\/wp\/v2\/manset?post=14490"}],"curies":[{"name":"wp","href":"https:\/\/api.w.org\/{rel}","templated":true}]}}