{"id":14511,"date":"2024-05-07T18:08:42","date_gmt":"2024-05-07T15:08:42","guid":{"rendered":"https:\/\/www.urfabugun.com\/?p=14511"},"modified":"2024-05-07T18:08:49","modified_gmt":"2024-05-07T15:08:49","slug":"sanliurfada-aranan-17-sahis-yakalandi","status":"publish","type":"post","link":"https:\/\/www.urfabugun.com\/index.php\/2024\/05\/07\/sanliurfada-aranan-17-sahis-yakalandi\/","title":{"rendered":"\u015eanl\u0131urfa\u2019da Aranan 17 \u015eah\u0131s Yakaland\u0131!"},"content":{"rendered":"\n<p><\/p>\n\n\n\n<p><strong>\u015eanl\u0131urfa \u0130l Emniyet M\u00fcd\u00fcrl\u00fc\u011f\u00fcne ba\u011fl\u0131 \u00c7ocuk \u015eube M\u00fcd\u00fcrl\u00fc\u011f\u00fc, 17 aranan \u015fahs\u0131 yap\u0131lan \u00e7al\u0131\u015fmalar sonucunda yakalad\u0131.<\/strong><br>\u015eanl\u0131urfa \u0130l Emniyet M\u00fcd\u00fcrl\u00fc\u011f\u00fcne ba\u011fl\u0131 \u00c7ocuk \u015eube M\u00fcd\u00fcrl\u00fc\u011f\u00fc aranan \u015fah\u0131slar\u0131n yakalanmas\u0131na y\u00f6nelik \u00e7al\u0131\u015fma ger\u00e7ekle\u015ftirdi.<\/p>\n\n\n\n<p>Yap\u0131lan \u00e7al\u0131\u015fmalar sonucunda 7 May\u0131s tarihinde &#8220;Kasten Yaralama&#8221; su\u00e7undan aranan 9\ufe0f \u015eah\u0131s, &#8220;H\u0131rs\u0131zl\u0131k&#8221; su\u00e7undan aranan 6\ufe0f \u015eah\u0131s, \u00c7e\u015fitli su\u00e7lardan aranan 2\ufe0f \u015eah\u0131s olmak \u00fczere toplam 1\ufe0f7\ufe0f \u015fah\u0131s g\u00f6zalt\u0131na al\u0131nd\u0131. G\u00f6zalt\u0131na al\u0131nan \u015fah\u0131slar adli mercilere sevk edildi.<\/p>\n\n\n\n<p>\u015eanl\u0131urfa\u2019da huzurun ve refah\u0131n kal\u0131c\u0131 olmas\u0131 i\u00e7in Polis ekiplerinin ba\u015far\u0131l\u0131 ve aral\u0131ks\u0131z \u00e7al\u0131\u015fmas\u0131 devam ediyor.<\/p>\n","protected":false},"excerpt":{"rendered":"<p>\u015eanl\u0131urfa \u0130l Emniyet M\u00fcd\u00fcrl\u00fc\u011f\u00fcne ba\u011fl\u0131 \u00c7ocuk \u015eube M\u00fcd\u00fcrl\u00fc\u011f\u00fc, 17 aranan \u015fahs\u0131 yap\u0131lan \u00e7al\u0131\u015fmalar sonucunda yakalad\u0131.\u015eanl\u0131urfa \u0130l&#46;&#46;&#46;<\/p>\n","protected":false},"author":2,"featured_media":12125,"comment_status":"open","ping_status":"open","sticky":false,"template":"","format":"standard","meta":{"inline_featured_image":false,"footnotes":""},"categories":[75],"tags":[184,4312,131,107],"manset":[],"class_list":["post-14511","post","type-post","status-publish","format-standard","has-post-thumbnail","hentry","category-asayis-haberleri","tag-asayis","tag-sanliurfada-aranan-17-sahis-yakalandi","tag-son-dakika","tag-ub"],"_links":{"self":[{"href":"https:\/\/www.urfabugun.com\/index.php\/wp-json\/wp\/v2\/posts\/14511","targetHints":{"allow":["GET"]}}],"collection":[{"href":"https:\/\/www.urfabugun.com\/index.php\/wp-json\/wp\/v2\/posts"}],"about":[{"href":"https:\/\/www.urfabugun.com\/index.php\/wp-json\/wp\/v2\/types\/post"}],"author":[{"embeddable":true,"href":"https:\/\/www.urfabugun.com\/index.php\/wp-json\/wp\/v2\/users\/2"}],"replies":[{"embeddable":true,"href":"https:\/\/www.urfabugun.com\/index.php\/wp-json\/wp\/v2\/comments?post=14511"}],"version-history":[{"count":0,"href":"https:\/\/www.urfabugun.com\/index.php\/wp-json\/wp\/v2\/posts\/14511\/revisions"}],"wp:featuredmedia":[{"embeddable":true,"href":"https:\/\/www.urfabugun.com\/index.php\/wp-json\/wp\/v2\/media\/12125"}],"wp:attachment":[{"href":"https:\/\/www.urfabugun.com\/index.php\/wp-json\/wp\/v2\/media?parent=14511"}],"wp:term":[{"taxonomy":"category","embeddable":true,"href":"https:\/\/www.urfabugun.com\/index.php\/wp-json\/wp\/v2\/categories?post=14511"},{"taxonomy":"post_tag","embeddable":true,"href":"https:\/\/www.urfabugun.com\/index.php\/wp-json\/wp\/v2\/tags?post=14511"},{"taxonomy":"manset","embeddable":true,"href":"https:\/\/www.urfabugun.com\/index.php\/wp-json\/wp\/v2\/manset?post=14511"}],"curies":[{"name":"wp","href":"https:\/\/api.w.org\/{rel}","templated":true}]}}