{"id":14558,"date":"2024-05-08T18:19:30","date_gmt":"2024-05-08T15:19:30","guid":{"rendered":"https:\/\/www.urfabugun.com\/?p=14558"},"modified":"2024-05-08T18:19:36","modified_gmt":"2024-05-08T15:19:36","slug":"bakan-simsek-temel-hedefimiz-enflasyonu-tek-haneye-dusurmek","status":"publish","type":"post","link":"https:\/\/www.urfabugun.com\/index.php\/2024\/05\/08\/bakan-simsek-temel-hedefimiz-enflasyonu-tek-haneye-dusurmek\/","title":{"rendered":"Bakan \u015eim\u015fek: Temel Hedefimiz Enflasyonu Tek Haneye D\u00fc\u015f\u00fcrmek!"},"content":{"rendered":"\n<p><\/p>\n\n\n\n<p>Hazine ve Maliye Bakan\u0131 Mehmet \u015eim\u015fek, &#8220;Enflasyonu tek haneye d\u00fc\u015f\u00fcrmeyi program\u0131m\u0131z\u0131n temel hedefi olarak belirledik. \u00c7\u00fcnk\u00fc fiyat istikrar\u0131 olmadan gelir da\u011f\u0131l\u0131m\u0131nda adalet ve kal\u0131c\u0131 refah art\u0131\u015f\u0131 m\u00fcmk\u00fcn de\u011fildir&#8221; dedi.<\/p>\n\n\n\n<p>Hazine ve Maliye Bakan\u0131 \u015eim\u015fek, sosyal medya hesab\u0131ndan yapt\u0131\u011f\u0131 a\u00e7\u0131klamada T\u00fcrkiye&#8217;nin ekonomi program\u0131na ili\u015fkin de\u011ferlendirmede bulundu.<\/p>\n\n\n\n<p>Bakan \u015eim\u015fek, a\u00e7\u0131klamas\u0131nda \u015funlar\u0131 kaydetti;<\/p>\n\n\n\n<p>Enflasyonu tek haneye d\u00fc\u015f\u00fcrmeyi program\u0131m\u0131z\u0131n temel hedefi olarak belirledik. \u00c7\u00fcnk\u00fc fiyat istikrar\u0131 olmadan gelir da\u011f\u0131l\u0131m\u0131nda adalet ve kal\u0131c\u0131 refah art\u0131\u015f\u0131 m\u00fcmk\u00fcn de\u011fildir.<\/p>\n\n\n\n<p>Bunun yan\u0131 s\u0131ra vergide adaleti g\u00fc\u00e7lendirmek i\u00e7in \u00f6nemli d\u00fczenlemeler yapt\u0131k. \u00d6rne\u011fin; asgari \u00fccreti vergi d\u0131\u015f\u0131 b\u0131rakt\u0131k, gelir vergisi tarifesinde en alt dilimdeki vergi oran\u0131n\u0131 d\u00fc\u015f\u00fcrd\u00fck, en \u00fcst dilimdeki vergi oran\u0131n\u0131 y\u00fckselttik, kurumlar vergisi oran\u0131n\u0131 art\u0131rd\u0131k, banka ve finans kurumlar\u0131 i\u00e7in daha y\u00fcksek oran belirledik.<\/p>\n\n\n\n<p>Vatanda\u015flar\u0131m\u0131z\u0131n al\u0131m g\u00fcc\u00fcn\u00fc art\u0131rmak i\u00e7in her alanda \u00e7al\u0131\u015fmalar\u0131m\u0131za aral\u0131ks\u0131z devam ediyoruz. Program\u0131m\u0131z \u015feffaf, \u00f6ng\u00f6r\u00fclebilir ve kural bazl\u0131 politikalara dayal\u0131 olup \u00fclkemizin kendi program\u0131d\u0131r ve ba\u015far\u0131 ile uygulanmaktad\u0131r.<\/p>\n\n\n\n<p><\/p>\n","protected":false},"excerpt":{"rendered":"<p>Hazine ve Maliye Bakan\u0131 Mehmet \u015eim\u015fek, &#8220;Enflasyonu tek haneye d\u00fc\u015f\u00fcrmeyi program\u0131m\u0131z\u0131n temel hedefi olarak belirledik. \u00c7\u00fcnk\u00fc&#46;&#46;&#46;<\/p>\n","protected":false},"author":2,"featured_media":14560,"comment_status":"open","ping_status":"open","sticky":false,"template":"","format":"standard","meta":{"inline_featured_image":false,"footnotes":""},"categories":[80],"tags":[4324,118,131,107],"manset":[],"class_list":["post-14558","post","type-post","status-publish","format-standard","has-post-thumbnail","hentry","category-ekonomi-haberleri","tag-bakan-simsek-temel-hedefimiz-enflasyonu-tek-haneye-dusurmek","tag-sanliurfa","tag-son-dakika","tag-ub"],"_links":{"self":[{"href":"https:\/\/www.urfabugun.com\/index.php\/wp-json\/wp\/v2\/posts\/14558","targetHints":{"allow":["GET"]}}],"collection":[{"href":"https:\/\/www.urfabugun.com\/index.php\/wp-json\/wp\/v2\/posts"}],"about":[{"href":"https:\/\/www.urfabugun.com\/index.php\/wp-json\/wp\/v2\/types\/post"}],"author":[{"embeddable":true,"href":"https:\/\/www.urfabugun.com\/index.php\/wp-json\/wp\/v2\/users\/2"}],"replies":[{"embeddable":true,"href":"https:\/\/www.urfabugun.com\/index.php\/wp-json\/wp\/v2\/comments?post=14558"}],"version-history":[{"count":0,"href":"https:\/\/www.urfabugun.com\/index.php\/wp-json\/wp\/v2\/posts\/14558\/revisions"}],"wp:featuredmedia":[{"embeddable":true,"href":"https:\/\/www.urfabugun.com\/index.php\/wp-json\/wp\/v2\/media\/14560"}],"wp:attachment":[{"href":"https:\/\/www.urfabugun.com\/index.php\/wp-json\/wp\/v2\/media?parent=14558"}],"wp:term":[{"taxonomy":"category","embeddable":true,"href":"https:\/\/www.urfabugun.com\/index.php\/wp-json\/wp\/v2\/categories?post=14558"},{"taxonomy":"post_tag","embeddable":true,"href":"https:\/\/www.urfabugun.com\/index.php\/wp-json\/wp\/v2\/tags?post=14558"},{"taxonomy":"manset","embeddable":true,"href":"https:\/\/www.urfabugun.com\/index.php\/wp-json\/wp\/v2\/manset?post=14558"}],"curies":[{"name":"wp","href":"https:\/\/api.w.org\/{rel}","templated":true}]}}