{"id":14601,"date":"2024-05-10T10:35:08","date_gmt":"2024-05-10T07:35:08","guid":{"rendered":"https:\/\/www.urfabugun.com\/?p=14601"},"modified":"2024-05-10T10:35:14","modified_gmt":"2024-05-10T07:35:14","slug":"issizlik-rakamlari-aciklandi-3","status":"publish","type":"post","link":"https:\/\/www.urfabugun.com\/index.php\/2024\/05\/10\/issizlik-rakamlari-aciklandi-3\/","title":{"rendered":"\u0130\u015fsizlik Rakamlar\u0131 A\u00e7\u0131kland\u0131!"},"content":{"rendered":"\n<p><\/p>\n\n\n\n<p><strong>T\u00fcrkiye&#8217;de i\u015fsizlik oran\u0131, martta bir \u00f6nceki aya g\u00f6re 0,1 puan azalarak y\u00fczde 8,6 oldu. T\u00fcrkiye \u0130statistik Kurumu (T\u00dc\u0130K) \u015fubat ay\u0131na ili\u015fkin i\u015fg\u00fcc\u00fc istatistiklerini a\u00e7\u0131klad\u0131.<\/strong><\/p>\n\n\n\n<p>Hanehalk\u0131 \u0130\u015fg\u00fcc\u00fc Ara\u015ft\u0131rmas\u0131 sonu\u00e7lar\u0131na g\u00f6re; 15 ve daha yukar\u0131 ya\u015ftaki ki\u015filerde i\u015fsiz say\u0131s\u0131 2024 y\u0131l\u0131 Mart ay\u0131nda bir \u00f6nceki aya g\u00f6re 19 bin ki\u015fi azalarak 3 milyon 57 bin ki\u015fi oldu.<\/p>\n\n\n\n<p>\u0130\u015fsizlik oran\u0131 ise 0,1 puan azalarak y\u00fczde 8,6 seviyesinde ger\u00e7ekle\u015fti. \u0130\u015fsizlik oran\u0131 erkeklerde y\u00fczde 6,8 iken kad\u0131nlarda y\u00fczde 12 olarak tahmin edildi.<\/p>\n\n\n\n<p><strong>\u0130ST\u0130HDAM ORANI Y\u00dcZDE 49,5 OLDU<\/strong><\/p>\n\n\n\n<p>\u0130stihdam edilenlerin say\u0131s\u0131 2024 y\u0131l\u0131 Mart ay\u0131nda bir \u00f6nceki aya g\u00f6re 139 bin ki\u015fi artarak 32 milyon 588 bin ki\u015fi, istihdam oran\u0131 ise 0,2 puan artarak y\u00fczde 49,5 oldu.<\/p>\n\n\n\n<p>Bu oran erkeklerde y\u00fczde 66,9 iken kad\u0131nlarda y\u00fczde 32,5 olarak ger\u00e7ekle\u015fti.<\/p>\n\n\n\n<p><strong>GEN\u00c7 N\u00dcFUSTA \u0130\u015eS\u0130ZL\u0130K ORANI Y\u00dcZDE 15,1 OLDU<\/strong><\/p>\n\n\n\n<p>15-24 ya\u015f grubunu kapsayan gen\u00e7 n\u00fcfusta i\u015fsizlik oran\u0131 bir \u00f6nceki aya g\u00f6re 0,4 puan azalarak y\u00fczde 15,1 oldu.<\/p>\n\n\n\n<p>Bu ya\u015f grubunda i\u015fsizlik oran\u0131; erkeklerde y\u00fczde 11,7, kad\u0131nlarda ise y\u00fczde 21,2 olarak tahmin edildi.<\/p>\n\n\n\n<p>Haftal\u0131k ortalama fiili \u00e7al\u0131\u015fma s\u00fcresi 43,8 saat oldu<\/p>\n\n\n\n<p>\u0130stihdam edilenlerden referans d\u00f6neminde i\u015fba\u015f\u0131nda olanlar\u0131n, mevsim ve takvim etkilerinden ar\u0131nd\u0131r\u0131lm\u0131\u015f haftal\u0131k ortalama fiili \u00e7al\u0131\u015fma s\u00fcresi 2024 y\u0131l\u0131 Mart ay\u0131nda bir \u00f6nceki aya g\u00f6re 0,3 saat artarak 43,8 saat olarak ger\u00e7ekle\u015fti.<\/p>\n","protected":false},"excerpt":{"rendered":"<p>T\u00fcrkiye&#8217;de i\u015fsizlik oran\u0131, martta bir \u00f6nceki aya g\u00f6re 0,1 puan azalarak y\u00fczde 8,6 oldu. T\u00fcrkiye \u0130statistik&#46;&#46;&#46;<\/p>\n","protected":false},"author":2,"featured_media":14603,"comment_status":"open","ping_status":"open","sticky":false,"template":"","format":"standard","meta":{"inline_featured_image":false,"footnotes":""},"categories":[80],"tags":[3626,131,107],"manset":[],"class_list":["post-14601","post","type-post","status-publish","format-standard","has-post-thumbnail","hentry","category-ekonomi-haberleri","tag-issizlik-rakamlari-aciklandi-2","tag-son-dakika","tag-ub"],"_links":{"self":[{"href":"https:\/\/www.urfabugun.com\/index.php\/wp-json\/wp\/v2\/posts\/14601","targetHints":{"allow":["GET"]}}],"collection":[{"href":"https:\/\/www.urfabugun.com\/index.php\/wp-json\/wp\/v2\/posts"}],"about":[{"href":"https:\/\/www.urfabugun.com\/index.php\/wp-json\/wp\/v2\/types\/post"}],"author":[{"embeddable":true,"href":"https:\/\/www.urfabugun.com\/index.php\/wp-json\/wp\/v2\/users\/2"}],"replies":[{"embeddable":true,"href":"https:\/\/www.urfabugun.com\/index.php\/wp-json\/wp\/v2\/comments?post=14601"}],"version-history":[{"count":0,"href":"https:\/\/www.urfabugun.com\/index.php\/wp-json\/wp\/v2\/posts\/14601\/revisions"}],"wp:featuredmedia":[{"embeddable":true,"href":"https:\/\/www.urfabugun.com\/index.php\/wp-json\/wp\/v2\/media\/14603"}],"wp:attachment":[{"href":"https:\/\/www.urfabugun.com\/index.php\/wp-json\/wp\/v2\/media?parent=14601"}],"wp:term":[{"taxonomy":"category","embeddable":true,"href":"https:\/\/www.urfabugun.com\/index.php\/wp-json\/wp\/v2\/categories?post=14601"},{"taxonomy":"post_tag","embeddable":true,"href":"https:\/\/www.urfabugun.com\/index.php\/wp-json\/wp\/v2\/tags?post=14601"},{"taxonomy":"manset","embeddable":true,"href":"https:\/\/www.urfabugun.com\/index.php\/wp-json\/wp\/v2\/manset?post=14601"}],"curies":[{"name":"wp","href":"https:\/\/api.w.org\/{rel}","templated":true}]}}