{"id":14749,"date":"2024-05-15T16:42:47","date_gmt":"2024-05-15T13:42:47","guid":{"rendered":"https:\/\/www.urfabugun.com\/?p=14749"},"modified":"2024-05-15T16:42:55","modified_gmt":"2024-05-15T13:42:55","slug":"vali-sildakdan-baskan-gulpinara-ziyaret","status":"publish","type":"post","link":"https:\/\/www.urfabugun.com\/index.php\/2024\/05\/15\/vali-sildakdan-baskan-gulpinara-ziyaret\/","title":{"rendered":"Vali \u015e\u0131ldak\u2019dan Ba\u015fkan G\u00fclp\u0131nar\u2019a Ziyaret!"},"content":{"rendered":"\n<p><\/p>\n\n\n\n<p><strong>\u015eanl\u0131urfa Valisi Hasan \u015e\u0131ldak, B\u00fcy\u00fck\u015fehir Belediye Ba\u015fkan\u0131 Mehmet Kas\u0131m G\u00fclp\u0131nar\u2019\u0131 makam\u0131nda ziyaret etti. Yakla\u015f\u0131k 1 saat s\u00fcren g\u00f6r\u00fc\u015fmede kentte s\u00fcrd\u00fcr\u00fclen \u00e7al\u0131\u015fmalar ele al\u0131nd\u0131.<\/strong><\/p>\n\n\n\n<p>\u015eanl\u0131urfa Valisi Hasan \u015e\u0131ldak, B\u00fcy\u00fck\u015fehir Belediye Ba\u015fkan\u0131 Mehmet Kas\u0131m G\u00fclp\u0131nar\u2019\u0131 makam\u0131nda ziyaret etti.<\/p>\n\n\n\n<figure class=\"wp-block-image size-large\"><img loading=\"lazy\" decoding=\"async\" width=\"1024\" height=\"682\" src=\"https:\/\/www.urfabugun.com\/wp-content\/uploads\/2024\/05\/9016d2f8-52d2-45e2-8ee7-874876aaebf9-1024x682.jpg\" alt=\"\" class=\"wp-image-14752\"\/><\/figure>\n\n\n\n<p>\u015eanl\u0131urfa B\u00fcy\u00fck\u015fehir Belediye Ba\u015fkan\u0131 Mehmet Kas\u0131m G\u00fclp\u0131nar, taraf\u0131ndan kar\u015f\u0131lanan Vali \u015e\u0131ldak, B\u00fcy\u00fck\u015fehir Belediyesi \u015feref defterini imzalad\u0131. Yakla\u015f\u0131k 1 saat s\u00fcren g\u00f6r\u00fc\u015fmede kentte s\u00fcrd\u00fcr\u00fclen \u00e7al\u0131\u015fmalar ve projeler ele al\u0131nd\u0131.<\/p>\n","protected":false},"excerpt":{"rendered":"<p>\u015eanl\u0131urfa Valisi Hasan \u015e\u0131ldak, B\u00fcy\u00fck\u015fehir Belediye Ba\u015fkan\u0131 Mehmet Kas\u0131m G\u00fclp\u0131nar\u2019\u0131 makam\u0131nda ziyaret etti. Yakla\u015f\u0131k 1 saat&#46;&#46;&#46;<\/p>\n","protected":false},"author":2,"featured_media":14751,"comment_status":"open","ping_status":"open","sticky":false,"template":"","format":"standard","meta":{"inline_featured_image":false,"footnotes":""},"categories":[82],"tags":[131,107,4364],"manset":[],"class_list":["post-14749","post","type-post","status-publish","format-standard","has-post-thumbnail","hentry","category-gundem-haberleri","tag-son-dakika","tag-ub","tag-vali-sildakdan-baskan-gulpinara-ziyaret"],"_links":{"self":[{"href":"https:\/\/www.urfabugun.com\/index.php\/wp-json\/wp\/v2\/posts\/14749","targetHints":{"allow":["GET"]}}],"collection":[{"href":"https:\/\/www.urfabugun.com\/index.php\/wp-json\/wp\/v2\/posts"}],"about":[{"href":"https:\/\/www.urfabugun.com\/index.php\/wp-json\/wp\/v2\/types\/post"}],"author":[{"embeddable":true,"href":"https:\/\/www.urfabugun.com\/index.php\/wp-json\/wp\/v2\/users\/2"}],"replies":[{"embeddable":true,"href":"https:\/\/www.urfabugun.com\/index.php\/wp-json\/wp\/v2\/comments?post=14749"}],"version-history":[{"count":0,"href":"https:\/\/www.urfabugun.com\/index.php\/wp-json\/wp\/v2\/posts\/14749\/revisions"}],"wp:featuredmedia":[{"embeddable":true,"href":"https:\/\/www.urfabugun.com\/index.php\/wp-json\/wp\/v2\/media\/14751"}],"wp:attachment":[{"href":"https:\/\/www.urfabugun.com\/index.php\/wp-json\/wp\/v2\/media?parent=14749"}],"wp:term":[{"taxonomy":"category","embeddable":true,"href":"https:\/\/www.urfabugun.com\/index.php\/wp-json\/wp\/v2\/categories?post=14749"},{"taxonomy":"post_tag","embeddable":true,"href":"https:\/\/www.urfabugun.com\/index.php\/wp-json\/wp\/v2\/tags?post=14749"},{"taxonomy":"manset","embeddable":true,"href":"https:\/\/www.urfabugun.com\/index.php\/wp-json\/wp\/v2\/manset?post=14749"}],"curies":[{"name":"wp","href":"https:\/\/api.w.org\/{rel}","templated":true}]}}