{"id":14778,"date":"2024-05-16T20:31:23","date_gmt":"2024-05-16T17:31:23","guid":{"rendered":"https:\/\/www.urfabugun.com\/?p=14778"},"modified":"2024-05-16T20:31:29","modified_gmt":"2024-05-16T17:31:29","slug":"ak-parti-genel-baskan-yardimcisi-yilmaz-sanliurfada","status":"publish","type":"post","link":"https:\/\/www.urfabugun.com\/index.php\/2024\/05\/16\/ak-parti-genel-baskan-yardimcisi-yilmaz-sanliurfada\/","title":{"rendered":"Ak Parti Genel Ba\u015fkan Yard\u0131mc\u0131s\u0131 Y\u0131lmaz \u015eanl\u0131urfa\u2019da!"},"content":{"rendered":"\n<p><\/p>\n\n\n\n<p><strong>AK Parti Genel Ba\u015fkan Yard\u0131mc\u0131s\u0131 ve Yerel Y\u00f6netimler Ba\u015fkan\u0131 Yusuf Ziya Y\u0131lmaz, \u015eanl\u0131urfa\u2019da belediye ba\u015fkanlar\u0131, meclis \u00fcyeleriyle bir araya geldi.<\/strong><\/p>\n\n\n\n<p>AK Parti Genel Ba\u015fkan Yard\u0131mc\u0131s\u0131 ve Yerel Y\u00f6netimler Ba\u015fkan\u0131 Yusuf Ziya Y\u0131lmaz, bir dizi ziyaretlerde ve temaslarda bulunmak \u00fczere \u015eanl\u0131urfa\u2019ya geldi.<\/p>\n\n\n\n<p>Genel Ba\u015fkan\u0131 Y\u0131lmaz\u2019\u0131 \u0130l Ba\u015fkan\u0131 Ali \u0130hsan Delio\u011flu, AK Parti Belediye Ba\u015fkanlar\u0131, \u0130l\u00e7e Ba\u015fkanlar\u0131 ve meclis \u00fcyeleri kar\u015f\u0131lad\u0131.<\/p>\n\n\n\n<p>Ziyaret ve temaslar\u0131n ard\u0131ndan AK Parti Genel Ba\u015fkan Yard\u0131mc\u0131s\u0131 ve Yerel Y\u00f6netimler Ba\u015fkan\u0131 Yusuf Ziya Y\u0131lmaz, Haliliye Belediyesi Recep Tayyip Erdo\u011fan Konferans Salonu\u2019nda partililerle bir araya gelerek bas\u0131n a\u00e7\u0131klamas\u0131 d\u00fczenledi.<\/p>\n\n\n\n<figure class=\"wp-block-image size-large\"><img loading=\"lazy\" decoding=\"async\" width=\"1024\" height=\"577\" src=\"https:\/\/www.urfabugun.com\/wp-content\/uploads\/2024\/05\/3eff5784-3a01-4b48-8d03-e5060f421758-1024x577.jpeg\" alt=\"\" class=\"wp-image-14780\"\/><\/figure>\n\n\n\n<p>Toplant\u0131da konu\u015fan AK Parti Genel Ba\u015fkan Yard\u0131mc\u0131s\u0131 ve Yerel Y\u00f6netimler Ba\u015fkan\u0131 Yusuf Ziya Y\u0131lmaz,<\/p>\n\n\n\n<p>\u201c Ankara&#8217;dan u\u00e7akla Ad\u0131yaman&#8217;a geldik. Burada da benzer bir program d\u00fczenledik. \u00d6nceki program\u0131m\u0131z\u0131 tekrarlayarak, sizlerle bulu\u015fmak, bilgi vermek ve 31 Mart se\u00e7iminde milletimizin bize iletmek istedi\u011fini anlamak i\u00e7in buraday\u0131z.<\/p>\n\n\n\n<p>Ayr\u0131ca yerel se\u00e7imlerde g\u00f6sterdi\u011finiz gayret ve \u00e7aba i\u00e7in te\u015fekk\u00fcr etmek, se\u00e7imi kazanan karde\u015flerimizi tebrik etmek ve se\u00e7imi kaybeden karde\u015flerimizi de gayretlerinden dolay\u0131 tebrik etmek istiyorum.<\/p>\n\n\n\n<p>Bundan sonraki s\u00fcre\u00e7te yeniden aday olduklar\u0131nda gelece\u011fe g\u00fc\u00e7l\u00fc ve inan\u00e7l\u0131 bir \u015fekilde y\u00fcr\u00fcmeleri i\u00e7in te\u015fkilatlar\u0131m\u0131za motivasyon sa\u011flamak amac\u0131yla buraday\u0131z\u201d ifadelerini kulland\u0131. Urfahaberler <\/p>\n","protected":false},"excerpt":{"rendered":"<p>AK Parti Genel Ba\u015fkan Yard\u0131mc\u0131s\u0131 ve Yerel Y\u00f6netimler Ba\u015fkan\u0131 Yusuf Ziya Y\u0131lmaz, \u015eanl\u0131urfa\u2019da belediye ba\u015fkanlar\u0131, meclis&#46;&#46;&#46;<\/p>\n","protected":false},"author":2,"featured_media":14781,"comment_status":"open","ping_status":"open","sticky":false,"template":"","format":"standard","meta":{"inline_featured_image":false,"footnotes":""},"categories":[82],"tags":[4370,131,107],"manset":[],"class_list":["post-14778","post","type-post","status-publish","format-standard","has-post-thumbnail","hentry","category-gundem-haberleri","tag-ak-parti-genel-baskan-yardimcisi-yilmaz-sanliurfada","tag-son-dakika","tag-ub"],"_links":{"self":[{"href":"https:\/\/www.urfabugun.com\/index.php\/wp-json\/wp\/v2\/posts\/14778","targetHints":{"allow":["GET"]}}],"collection":[{"href":"https:\/\/www.urfabugun.com\/index.php\/wp-json\/wp\/v2\/posts"}],"about":[{"href":"https:\/\/www.urfabugun.com\/index.php\/wp-json\/wp\/v2\/types\/post"}],"author":[{"embeddable":true,"href":"https:\/\/www.urfabugun.com\/index.php\/wp-json\/wp\/v2\/users\/2"}],"replies":[{"embeddable":true,"href":"https:\/\/www.urfabugun.com\/index.php\/wp-json\/wp\/v2\/comments?post=14778"}],"version-history":[{"count":0,"href":"https:\/\/www.urfabugun.com\/index.php\/wp-json\/wp\/v2\/posts\/14778\/revisions"}],"wp:featuredmedia":[{"embeddable":true,"href":"https:\/\/www.urfabugun.com\/index.php\/wp-json\/wp\/v2\/media\/14781"}],"wp:attachment":[{"href":"https:\/\/www.urfabugun.com\/index.php\/wp-json\/wp\/v2\/media?parent=14778"}],"wp:term":[{"taxonomy":"category","embeddable":true,"href":"https:\/\/www.urfabugun.com\/index.php\/wp-json\/wp\/v2\/categories?post=14778"},{"taxonomy":"post_tag","embeddable":true,"href":"https:\/\/www.urfabugun.com\/index.php\/wp-json\/wp\/v2\/tags?post=14778"},{"taxonomy":"manset","embeddable":true,"href":"https:\/\/www.urfabugun.com\/index.php\/wp-json\/wp\/v2\/manset?post=14778"}],"curies":[{"name":"wp","href":"https:\/\/api.w.org\/{rel}","templated":true}]}}