{"id":14833,"date":"2024-05-19T14:11:35","date_gmt":"2024-05-19T11:11:35","guid":{"rendered":"https:\/\/www.urfabugun.com\/?p=14833"},"modified":"2024-05-19T14:11:54","modified_gmt":"2024-05-19T11:11:54","slug":"bakan-simsek-talimat-verdi-300-mudurlugu-kapatiliyor","status":"publish","type":"post","link":"https:\/\/www.urfabugun.com\/index.php\/2024\/05\/19\/bakan-simsek-talimat-verdi-300-mudurlugu-kapatiliyor\/","title":{"rendered":"Bakan \u015eim\u015fek Talimat Verdi! 300 M\u00fcd\u00fcrl\u00fc\u011f\u00fc Kapat\u0131l\u0131yor!"},"content":{"rendered":"\n<p><\/p>\n\n\n\n<p>Hazine ve Maliye Bakan\u0131 Mehmet \u015eim\u015fek, tasarruf tedbirlerine ili\u015fkin Cumhurba\u015fkan\u0131 Genelgesi&#8217;yle Bakanl\u0131\u011f\u0131na ba\u011fl\u0131 mal m\u00fcd\u00fcrl\u00fcklerinin yeniden yap\u0131land\u0131r\u0131lmas\u0131 talimat\u0131n\u0131 verdi\u011fini belirterek, &#8220;\u0130lk a\u015famada 100, ikinci a\u015famada da 200 olmak \u00fczere 300 mal m\u00fcd\u00fcrl\u00fc\u011f\u00fcn\u00fcn kapat\u0131lmas\u0131 sa\u011flanacak&#8221; dedi.<\/p>\n\n\n\n<p>Bakanl\u0131\u011f\u0131n\u0131n ta\u015fra te\u015fkilatlardan birisi olan mal m\u00fcd\u00fcrl\u00fcklerinin, muhasebe ve di\u011fer saymanl\u0131k hizmetleri sundu\u011funu an\u0131msatan \u015eim\u015fek, &#8220;Tasarruf tedbirlerine ili\u015fkin Cumhurba\u015fkan\u0131 Genelgesi&#8217;yle birlikte Bakanl\u0131\u011f\u0131ma ba\u011fl\u0131 mal m\u00fcd\u00fcrl\u00fcklerinin yeniden yap\u0131land\u0131r\u0131lmas\u0131 talimat\u0131n\u0131 verdim. \u0130lk a\u015famada 100, ikinci a\u015famada da 200 olmak \u00fczere 300 mal m\u00fcd\u00fcrl\u00fc\u011f\u00fcn\u00fcn kapat\u0131lmas\u0131 sa\u011flanacak. Mal m\u00fcd\u00fcrl\u00fcklerinin yapt\u0131\u011f\u0131 g\u00f6revler, bundan b\u00f6yle hizmet birle\u015ftirilmesiyle il merkezlerinden veya belirli kriterlere g\u00f6re se\u00e7ilmi\u015f ba\u015fka bir mal m\u00fcd\u00fcrl\u00fc\u011f\u00fcm\u00fcz taraf\u0131ndan yerine getirilecek&#8221; diye konu\u015ftu.<\/p>\n","protected":false},"excerpt":{"rendered":"<p>Hazine ve Maliye Bakan\u0131 Mehmet \u015eim\u015fek, tasarruf tedbirlerine ili\u015fkin Cumhurba\u015fkan\u0131 Genelgesi&#8217;yle Bakanl\u0131\u011f\u0131na ba\u011fl\u0131 mal m\u00fcd\u00fcrl\u00fcklerinin yeniden&#46;&#46;&#46;<\/p>\n","protected":false},"author":2,"featured_media":7594,"comment_status":"open","ping_status":"open","sticky":false,"template":"","format":"standard","meta":{"inline_featured_image":false,"footnotes":""},"categories":[82],"tags":[4381,131,107],"manset":[],"class_list":["post-14833","post","type-post","status-publish","format-standard","has-post-thumbnail","hentry","category-gundem-haberleri","tag-bakan-simsek-talimat-verdi-300-mudurlugu-kapatiliyor","tag-son-dakika","tag-ub"],"_links":{"self":[{"href":"https:\/\/www.urfabugun.com\/index.php\/wp-json\/wp\/v2\/posts\/14833","targetHints":{"allow":["GET"]}}],"collection":[{"href":"https:\/\/www.urfabugun.com\/index.php\/wp-json\/wp\/v2\/posts"}],"about":[{"href":"https:\/\/www.urfabugun.com\/index.php\/wp-json\/wp\/v2\/types\/post"}],"author":[{"embeddable":true,"href":"https:\/\/www.urfabugun.com\/index.php\/wp-json\/wp\/v2\/users\/2"}],"replies":[{"embeddable":true,"href":"https:\/\/www.urfabugun.com\/index.php\/wp-json\/wp\/v2\/comments?post=14833"}],"version-history":[{"count":0,"href":"https:\/\/www.urfabugun.com\/index.php\/wp-json\/wp\/v2\/posts\/14833\/revisions"}],"wp:featuredmedia":[{"embeddable":true,"href":"https:\/\/www.urfabugun.com\/index.php\/wp-json\/wp\/v2\/media\/7594"}],"wp:attachment":[{"href":"https:\/\/www.urfabugun.com\/index.php\/wp-json\/wp\/v2\/media?parent=14833"}],"wp:term":[{"taxonomy":"category","embeddable":true,"href":"https:\/\/www.urfabugun.com\/index.php\/wp-json\/wp\/v2\/categories?post=14833"},{"taxonomy":"post_tag","embeddable":true,"href":"https:\/\/www.urfabugun.com\/index.php\/wp-json\/wp\/v2\/tags?post=14833"},{"taxonomy":"manset","embeddable":true,"href":"https:\/\/www.urfabugun.com\/index.php\/wp-json\/wp\/v2\/manset?post=14833"}],"curies":[{"name":"wp","href":"https:\/\/api.w.org\/{rel}","templated":true}]}}