{"id":14853,"date":"2024-05-20T08:36:15","date_gmt":"2024-05-20T05:36:15","guid":{"rendered":"https:\/\/www.urfabugun.com\/?p=14853"},"modified":"2024-05-20T08:36:21","modified_gmt":"2024-05-20T05:36:21","slug":"helikopter-dusmustu-cumhurbaskani-hayatini-kaybetti","status":"publish","type":"post","link":"https:\/\/www.urfabugun.com\/index.php\/2024\/05\/20\/helikopter-dusmustu-cumhurbaskani-hayatini-kaybetti\/","title":{"rendered":"Helikopter D\u00fc\u015fm\u00fc\u015ft\u00fc! Cumhurba\u015fkan\u0131 Hayat\u0131n\u0131 Kaybetti!"},"content":{"rendered":"\n<p><\/p>\n\n\n\n<p>\u0130ran Cumhurba\u015fkan\u0131 \u0130brahim Reisi ve D\u0131\u015fi\u015fleri Bakan\u0131 H\u00fcseyin Emir Abdullahiyan helikopter kazas\u0131nda hayat\u0131n\u0131 kaybetti.<\/p>\n\n\n\n<p>\u0130ran devlet televizyonu, Cumhurba\u015fkan\u0131 Reisi&#8217;yi ta\u015f\u0131yan helikopterin d\u00fcn ge\u00e7irdi\u011fi kazada kurtulan olmad\u0131\u011f\u0131n\u0131 duyurdu.<\/p>\n\n\n\n<p>Helikopterin enkaz\u0131na 15 saatlik \u00e7al\u0131\u015fma sonras\u0131nda ula\u015f\u0131l\u0131rken, Reisi ile D\u0131\u015fi\u015fleri Bakan\u0131 Abdullahiyan, Tebriz Valisi Malik Rahmeti ve \u0130ran lideri Hamaney&#8217;in Tebriz Temsilcisi Muhammed Ali Al-i Ha\u015fim&#8217;in de kazada hayat\u0131n\u0131 kaybedenlerin aras\u0131nda yer ald\u0131\u011f\u0131 belirtildi.<\/p>\n\n\n\n<p>Reisi&#8217;nin helikopterinde bulunan Devrim Muhaf\u0131zlar\u0131 Ordusu mensubu 2 \u00fcst d\u00fczey askeri yetkili ile 3 m\u00fcrettebat\u0131n da kazada ya\u015fam\u0131n\u0131 yitirdi\u011fi kaydedildi.<br>Reisi&#8217;nin helikopterinin enkaz\u0131, Ak\u0131nc\u0131 \u0130HA&#8217;n\u0131n tespitlerinin ard\u0131ndan bulunmu\u015ftu<br>Cumhurba\u015fkan\u0131 Reisi, d\u00fcn helikopterle, \u0130ran-Azerbaycan s\u0131n\u0131r\u0131nda bir baraj\u0131n a\u00e7\u0131l\u0131\u015f t\u00f6renine kat\u0131lm\u0131\u015ft\u0131.<\/p>\n\n\n\n<p>\u0130ran devlet televizyonu, Reisi&#8217;nin helikopterinin b\u00f6lgeden d\u00f6nerken sert ini\u015f yapmas\u0131 suretiyle kaza meydana geldi\u011fini; D\u0131\u015fi\u015fleri Bakan\u0131 H\u00fcseyin Emir Abdullahiyan, Do\u011fu Azerbaycan Eyalet Valisi Malik Rahmeti ve Tebriz Cuma \u0130mam\u0131 Ayetullah Ali Ha\u015fim&#8217;in de helikopterde bulundu\u011funu duyurmu\u015ftu.<\/p>\n\n\n\n<p><\/p>\n\n\n\n<p>Arama kurtarma ekipleri, olumsuz hava \u015fartlar\u0131 nedeniyle \u00e7al\u0131\u015fmalar\u0131n g\u00fc\u00e7l\u00fckle s\u00fcrd\u00fc\u011f\u00fcn\u00fc bildirmi\u015f, \u0130ran, T\u00fcrkiye&#8217;den havadan arama \u00e7al\u0131\u015fmas\u0131 yapmak i\u00e7in insans\u0131z hava arac\u0131 (\u0130HA) talep etmi\u015fti.<\/p>\n\n\n\n<p>T\u00fcrkiye&#8217;nin, \u0130ran Cumhurba\u015fkan\u0131 Reisi ve baz\u0131 yetkililerin ge\u00e7irdi\u011fi helikopter kazas\u0131na ili\u015fkin arama faaliyetlerinde g\u00f6revlendirdi\u011fi Ak\u0131nc\u0131 \u0130HA, helikopterin enkaz\u0131 olabilece\u011fi d\u00fc\u015f\u00fcn\u00fclen \u0131s\u0131 kayna\u011f\u0131n\u0131 tespit ederek koordinatlar\u0131n\u0131 \u0130ran makamlar\u0131yla payla\u015fm\u0131\u015ft\u0131.<\/p>\n\n\n\n<p>\u0130ran devlet televizyonu, Ak\u0131nc\u0131 \u0130HA\u2019n\u0131n tespitlerinin ard\u0131ndan bulunan \u0130ran Cumhurba\u015fkan\u0131 Reisi ve D\u0131\u015fi\u015fleri Bakan\u0131 Abdullahiyan\u2019\u0131 ta\u015f\u0131yan helikopterin enkaz noktas\u0131nda ya\u015fam belirtisi olmad\u0131\u011f\u0131n\u0131 duyurmu\u015ftu.<\/p>\n","protected":false},"excerpt":{"rendered":"<p>\u0130ran Cumhurba\u015fkan\u0131 \u0130brahim Reisi ve D\u0131\u015fi\u015fleri Bakan\u0131 H\u00fcseyin Emir Abdullahiyan helikopter kazas\u0131nda hayat\u0131n\u0131 kaybetti. \u0130ran devlet&#46;&#46;&#46;<\/p>\n","protected":false},"author":2,"featured_media":14855,"comment_status":"open","ping_status":"open","sticky":false,"template":"","format":"standard","meta":{"inline_featured_image":false,"footnotes":""},"categories":[78],"tags":[4386,118,131,107],"manset":[],"class_list":["post-14853","post","type-post","status-publish","format-standard","has-post-thumbnail","hentry","category-dunya-haberleri","tag-helikopter-dusmustu-cumhurbaskani-hayatini-kaybetti","tag-sanliurfa","tag-son-dakika","tag-ub"],"_links":{"self":[{"href":"https:\/\/www.urfabugun.com\/index.php\/wp-json\/wp\/v2\/posts\/14853","targetHints":{"allow":["GET"]}}],"collection":[{"href":"https:\/\/www.urfabugun.com\/index.php\/wp-json\/wp\/v2\/posts"}],"about":[{"href":"https:\/\/www.urfabugun.com\/index.php\/wp-json\/wp\/v2\/types\/post"}],"author":[{"embeddable":true,"href":"https:\/\/www.urfabugun.com\/index.php\/wp-json\/wp\/v2\/users\/2"}],"replies":[{"embeddable":true,"href":"https:\/\/www.urfabugun.com\/index.php\/wp-json\/wp\/v2\/comments?post=14853"}],"version-history":[{"count":0,"href":"https:\/\/www.urfabugun.com\/index.php\/wp-json\/wp\/v2\/posts\/14853\/revisions"}],"wp:featuredmedia":[{"embeddable":true,"href":"https:\/\/www.urfabugun.com\/index.php\/wp-json\/wp\/v2\/media\/14855"}],"wp:attachment":[{"href":"https:\/\/www.urfabugun.com\/index.php\/wp-json\/wp\/v2\/media?parent=14853"}],"wp:term":[{"taxonomy":"category","embeddable":true,"href":"https:\/\/www.urfabugun.com\/index.php\/wp-json\/wp\/v2\/categories?post=14853"},{"taxonomy":"post_tag","embeddable":true,"href":"https:\/\/www.urfabugun.com\/index.php\/wp-json\/wp\/v2\/tags?post=14853"},{"taxonomy":"manset","embeddable":true,"href":"https:\/\/www.urfabugun.com\/index.php\/wp-json\/wp\/v2\/manset?post=14853"}],"curies":[{"name":"wp","href":"https:\/\/api.w.org\/{rel}","templated":true}]}}