{"id":14912,"date":"2024-05-21T13:03:41","date_gmt":"2024-05-21T10:03:41","guid":{"rendered":"https:\/\/www.urfabugun.com\/?p=14912"},"modified":"2024-05-21T13:03:48","modified_gmt":"2024-05-21T10:03:48","slug":"aile-ve-genclik-fonuna-9-bin-38-basvuru","status":"publish","type":"post","link":"https:\/\/www.urfabugun.com\/index.php\/2024\/05\/21\/aile-ve-genclik-fonuna-9-bin-38-basvuru\/","title":{"rendered":"Aile ve Gen\u00e7lik Fonu&#8217;na 9 Bin 38 Ba\u015fvuru!"},"content":{"rendered":"\n<p><\/p>\n\n\n\n<p><strong>Aile ve Sosyal Hizmetler Bakan\u0131 Mahinur \u00d6zdemir G\u00f6kta\u015f, deprem b\u00f6lgesinde pilot olarak hayata ge\u00e7irilen fona \u015fimdiye kadar 9 bin 38 \u00e7iftin ba\u015fvurdu\u011funu a\u00e7\u0131klad\u0131.<\/strong><\/p>\n\n\n\n<p>Aile ve Sosyal Hizmetler Bakan\u0131 Mahinur \u00d6zdemir G\u00f6kta\u015f, Cumhurba\u015fkan\u0131 Recep Tayyip Erdo\u011fan ba\u015fkanl\u0131\u011f\u0131nda, Cumhurba\u015fkanl\u0131\u011f\u0131 K\u00fclliyesi&#8217;nde ger\u00e7ekle\u015ftirilen Kabine Toplant\u0131s\u0131&#8217;n\u0131n ard\u0131ndan gazetecilerin sorular\u0131n\u0131 yan\u0131tlad\u0131.<\/p>\n\n\n\n<p>Aile ve Gen\u00e7lik Fonu&#8217;na 9 bin 38 \u00e7ift ba\u015fvurdu<br>Bir gazetecinin Aile ve Gen\u00e7lik Fonu&#8217;ndaki son duruma ili\u015fkin sorusu \u00fczerine Bakan G\u00f6kta\u015f, deprem b\u00f6lgesinde pilot olarak hayata ge\u00e7irilen fona \u015fimdiye kadar 9 bin 38 \u00e7iftin ba\u015fvurdu\u011funu belirtti.<\/p>\n","protected":false},"excerpt":{"rendered":"<p>Aile ve Sosyal Hizmetler Bakan\u0131 Mahinur \u00d6zdemir G\u00f6kta\u015f, deprem b\u00f6lgesinde pilot olarak hayata ge\u00e7irilen fona \u015fimdiye&#46;&#46;&#46;<\/p>\n","protected":false},"author":2,"featured_media":14914,"comment_status":"open","ping_status":"open","sticky":false,"template":"","format":"standard","meta":{"inline_featured_image":false,"footnotes":""},"categories":[82],"tags":[4398,131,107],"manset":[],"class_list":["post-14912","post","type-post","status-publish","format-standard","has-post-thumbnail","hentry","category-gundem-haberleri","tag-aile-ve-genclik-fonuna-9-bin-38-basvuru","tag-son-dakika","tag-ub"],"_links":{"self":[{"href":"https:\/\/www.urfabugun.com\/index.php\/wp-json\/wp\/v2\/posts\/14912","targetHints":{"allow":["GET"]}}],"collection":[{"href":"https:\/\/www.urfabugun.com\/index.php\/wp-json\/wp\/v2\/posts"}],"about":[{"href":"https:\/\/www.urfabugun.com\/index.php\/wp-json\/wp\/v2\/types\/post"}],"author":[{"embeddable":true,"href":"https:\/\/www.urfabugun.com\/index.php\/wp-json\/wp\/v2\/users\/2"}],"replies":[{"embeddable":true,"href":"https:\/\/www.urfabugun.com\/index.php\/wp-json\/wp\/v2\/comments?post=14912"}],"version-history":[{"count":0,"href":"https:\/\/www.urfabugun.com\/index.php\/wp-json\/wp\/v2\/posts\/14912\/revisions"}],"wp:featuredmedia":[{"embeddable":true,"href":"https:\/\/www.urfabugun.com\/index.php\/wp-json\/wp\/v2\/media\/14914"}],"wp:attachment":[{"href":"https:\/\/www.urfabugun.com\/index.php\/wp-json\/wp\/v2\/media?parent=14912"}],"wp:term":[{"taxonomy":"category","embeddable":true,"href":"https:\/\/www.urfabugun.com\/index.php\/wp-json\/wp\/v2\/categories?post=14912"},{"taxonomy":"post_tag","embeddable":true,"href":"https:\/\/www.urfabugun.com\/index.php\/wp-json\/wp\/v2\/tags?post=14912"},{"taxonomy":"manset","embeddable":true,"href":"https:\/\/www.urfabugun.com\/index.php\/wp-json\/wp\/v2\/manset?post=14912"}],"curies":[{"name":"wp","href":"https:\/\/api.w.org\/{rel}","templated":true}]}}