{"id":15039,"date":"2024-05-28T11:48:45","date_gmt":"2024-05-28T08:48:45","guid":{"rendered":"https:\/\/www.urfabugun.com\/?p=15039"},"modified":"2024-05-28T11:48:52","modified_gmt":"2024-05-28T08:48:52","slug":"sanliurfada-gece-yarisi-kanli-pusu","status":"publish","type":"post","link":"https:\/\/www.urfabugun.com\/index.php\/2024\/05\/28\/sanliurfada-gece-yarisi-kanli-pusu\/","title":{"rendered":"\u015eanl\u0131urfa\u2019da Gece Yar\u0131s\u0131 Kanl\u0131 Pusu!"},"content":{"rendered":"\n<p><\/p>\n\n\n\n<p><strong>\u015eanl\u0131urfa\u2019n\u0131n Haliliye il\u00e7esinde ya\u015fanan olayda, 36 ya\u015f\u0131ndaki \u015fahts sokak ortas\u0131nda pompal\u0131 t\u00fcfekle vurularak \u00f6ld\u00fcr\u00fcld\u00fc.<\/strong><\/p>\n\n\n\n<p>Edinilen bilgiye g\u00f6re, olay gece ge\u00e7 saatlerde Haliliye il\u00e7esine ba\u011fl\u0131 $air \u015eevket Mahallesi\u2019nde meydana geldi.<\/p>\n\n\n\n<p>iddiaya g\u00f6re, hen\u00fcz bilinmeyen bir nedenden dolay\u0131 Halil Da\u011f (36) kimli\u011fi belirsiz ki\u015fi ya da ki\u015filer tarafindan pompal\u0131 t\u00fcfekle sald\u0131r\u0131ya u\u011frad\u0131. Kanlar i\u00e7inde yere y\u0131\u011f\u0131lan Da\u011f, a\u011f\u0131r yaraland\u0131.<\/p>\n\n\n\n<p>\u00c7evredekilerin ihbar\u0131 \u00fczerine olay yerine sa\u011fl\u0131k ve polis ekipleri sevk edildi.<\/p>\n\n\n\n<p>Olay yerine intikal eden sa\u011fl\u0131k ekipleri, yaral\u0131 \u015fahsa yapt\u0131klar\u0131 ilk m\u00fcdahalenin ard\u0131ndan hayat\u0131n\u0131 kaybetti\u011fini belirledi.<\/p>\n\n\n\n<p>Olay yerinde yap\u0131lan incelemenin ardindan Halil Da\u011f\u2019\u0131n cenazesi otopsi yap\u0131lmak \u00fczere \u015eanl\u0131urfa Adli Tip Kurumu morguna kald\u0131r\u0131ld\u0131. Polis olay yerinde ka\u00e7an \u015f\u00fcpheli ya da \u015f\u00fcphelileri yakalamak i\u00e7in soru\u015fturma ba\u015flatt\u0131.<\/p>\n","protected":false},"excerpt":{"rendered":"<p>\u015eanl\u0131urfa\u2019n\u0131n Haliliye il\u00e7esinde ya\u015fanan olayda, 36 ya\u015f\u0131ndaki \u015fahts sokak ortas\u0131nda pompal\u0131 t\u00fcfekle vurularak \u00f6ld\u00fcr\u00fcld\u00fc. Edinilen bilgiye&#46;&#46;&#46;<\/p>\n","protected":false},"author":2,"featured_media":15041,"comment_status":"open","ping_status":"open","sticky":false,"template":"","format":"standard","meta":{"inline_featured_image":false,"footnotes":""},"categories":[75],"tags":[4429,131,107],"manset":[],"class_list":["post-15039","post","type-post","status-publish","format-standard","has-post-thumbnail","hentry","category-asayis-haberleri","tag-sanliurfada-gece-yarisi-kanli-pusu","tag-son-dakika","tag-ub"],"_links":{"self":[{"href":"https:\/\/www.urfabugun.com\/index.php\/wp-json\/wp\/v2\/posts\/15039","targetHints":{"allow":["GET"]}}],"collection":[{"href":"https:\/\/www.urfabugun.com\/index.php\/wp-json\/wp\/v2\/posts"}],"about":[{"href":"https:\/\/www.urfabugun.com\/index.php\/wp-json\/wp\/v2\/types\/post"}],"author":[{"embeddable":true,"href":"https:\/\/www.urfabugun.com\/index.php\/wp-json\/wp\/v2\/users\/2"}],"replies":[{"embeddable":true,"href":"https:\/\/www.urfabugun.com\/index.php\/wp-json\/wp\/v2\/comments?post=15039"}],"version-history":[{"count":0,"href":"https:\/\/www.urfabugun.com\/index.php\/wp-json\/wp\/v2\/posts\/15039\/revisions"}],"wp:featuredmedia":[{"embeddable":true,"href":"https:\/\/www.urfabugun.com\/index.php\/wp-json\/wp\/v2\/media\/15041"}],"wp:attachment":[{"href":"https:\/\/www.urfabugun.com\/index.php\/wp-json\/wp\/v2\/media?parent=15039"}],"wp:term":[{"taxonomy":"category","embeddable":true,"href":"https:\/\/www.urfabugun.com\/index.php\/wp-json\/wp\/v2\/categories?post=15039"},{"taxonomy":"post_tag","embeddable":true,"href":"https:\/\/www.urfabugun.com\/index.php\/wp-json\/wp\/v2\/tags?post=15039"},{"taxonomy":"manset","embeddable":true,"href":"https:\/\/www.urfabugun.com\/index.php\/wp-json\/wp\/v2\/manset?post=15039"}],"curies":[{"name":"wp","href":"https:\/\/api.w.org\/{rel}","templated":true}]}}