{"id":15076,"date":"2024-05-29T17:51:33","date_gmt":"2024-05-29T14:51:33","guid":{"rendered":"https:\/\/www.urfabugun.com\/?p=15076"},"modified":"2024-05-29T17:51:46","modified_gmt":"2024-05-29T14:51:46","slug":"sanliurfada-pamuk-fabrikasinda-yangin-cikti","status":"publish","type":"post","link":"https:\/\/www.urfabugun.com\/index.php\/2024\/05\/29\/sanliurfada-pamuk-fabrikasinda-yangin-cikti\/","title":{"rendered":"\u015eanl\u0131urfa&#8217;da Pamuk Fabrikas\u0131nda Yang\u0131n \u00c7\u0131kt\u0131!"},"content":{"rendered":"\n<p><\/p>\n\n\n\n<p><strong>\u015eanl\u0131urfa\u2019da fabrikada \u00e7\u0131kan yang\u0131n itfaiye ekiplerinin m\u00fcdahalesiyle s\u00f6nd\u00fcr\u00fcld\u00fc. Yang\u0131nda fabrikada hasar meydana geldi.<\/strong><\/p>\n\n\n\n<p>Yang\u0131n, \u015eanl\u0131urfa\u2019n\u0131n Ak\u00e7akale il\u00e7esine ba\u011fl\u0131 Koruklu Mahallesinde meydana geldi. &nbsp;Hen\u00fcz bilinmeyen bir nedenden dolay\u0131 pamuk i\u015fleme fabrikas\u0131nda yang\u0131n \u00e7\u0131kt\u0131.&nbsp;<\/p>\n\n\n\n<p>Dumanlar\u0131n y\u00fckseldi\u011fini fark eden \u00e7evredeki sakinler hemen itfaiye ekiplerine haber verdi.&nbsp; Olay yerine gelen itfaiye ekipleri, \u00e7evreye sirayet etmeden yang\u0131n\u0131 kontrol alt\u0131na alarak s\u00f6nd\u00fcr\u00fcld\u00fc.<\/p>\n\n\n\n<p>Yang\u0131nda yaralanan veya \u00f6len olmazken fabrikada maddi hasar meydana geldi.<\/p>\n\n\n\n<p>Emniyet ekipleri yang\u0131nla ilgili inceleme ba\u015flatt\u0131.<\/p>\n","protected":false},"excerpt":{"rendered":"<p>\u015eanl\u0131urfa\u2019da fabrikada \u00e7\u0131kan yang\u0131n itfaiye ekiplerinin m\u00fcdahalesiyle s\u00f6nd\u00fcr\u00fcld\u00fc. Yang\u0131nda fabrikada hasar meydana geldi. Yang\u0131n, \u015eanl\u0131urfa\u2019n\u0131n Ak\u00e7akale&#46;&#46;&#46;<\/p>\n","protected":false},"author":2,"featured_media":15078,"comment_status":"open","ping_status":"open","sticky":false,"template":"","format":"standard","meta":{"inline_featured_image":false,"footnotes":""},"categories":[75],"tags":[184,4439,107],"manset":[],"class_list":["post-15076","post","type-post","status-publish","format-standard","has-post-thumbnail","hentry","category-asayis-haberleri","tag-asayis","tag-sanliurfada-pamuk-fabrikasinda-yangin-cikti","tag-ub"],"_links":{"self":[{"href":"https:\/\/www.urfabugun.com\/index.php\/wp-json\/wp\/v2\/posts\/15076","targetHints":{"allow":["GET"]}}],"collection":[{"href":"https:\/\/www.urfabugun.com\/index.php\/wp-json\/wp\/v2\/posts"}],"about":[{"href":"https:\/\/www.urfabugun.com\/index.php\/wp-json\/wp\/v2\/types\/post"}],"author":[{"embeddable":true,"href":"https:\/\/www.urfabugun.com\/index.php\/wp-json\/wp\/v2\/users\/2"}],"replies":[{"embeddable":true,"href":"https:\/\/www.urfabugun.com\/index.php\/wp-json\/wp\/v2\/comments?post=15076"}],"version-history":[{"count":0,"href":"https:\/\/www.urfabugun.com\/index.php\/wp-json\/wp\/v2\/posts\/15076\/revisions"}],"wp:featuredmedia":[{"embeddable":true,"href":"https:\/\/www.urfabugun.com\/index.php\/wp-json\/wp\/v2\/media\/15078"}],"wp:attachment":[{"href":"https:\/\/www.urfabugun.com\/index.php\/wp-json\/wp\/v2\/media?parent=15076"}],"wp:term":[{"taxonomy":"category","embeddable":true,"href":"https:\/\/www.urfabugun.com\/index.php\/wp-json\/wp\/v2\/categories?post=15076"},{"taxonomy":"post_tag","embeddable":true,"href":"https:\/\/www.urfabugun.com\/index.php\/wp-json\/wp\/v2\/tags?post=15076"},{"taxonomy":"manset","embeddable":true,"href":"https:\/\/www.urfabugun.com\/index.php\/wp-json\/wp\/v2\/manset?post=15076"}],"curies":[{"name":"wp","href":"https:\/\/api.w.org\/{rel}","templated":true}]}}