{"id":15122,"date":"2024-05-31T11:59:38","date_gmt":"2024-05-31T08:59:38","guid":{"rendered":"https:\/\/www.urfabugun.com\/?p=15122"},"modified":"2024-05-31T11:59:46","modified_gmt":"2024-05-31T08:59:46","slug":"aziz-yildirima-buyuk-calim-ali-koc-jose-mourinho-ile-anlasma-sagladi","status":"publish","type":"post","link":"https:\/\/www.urfabugun.com\/index.php\/2024\/05\/31\/aziz-yildirima-buyuk-calim-ali-koc-jose-mourinho-ile-anlasma-sagladi\/","title":{"rendered":"Aziz Y\u0131ld\u0131r\u0131m&#8217;a B\u00fcy\u00fck \u00c7al\u0131m! Ali Ko\u00e7, Jose Mourinho \u0130le Anla\u015fma Sa\u011flad\u0131!"},"content":{"rendered":"\n<p><\/p>\n\n\n\n<p><strong>Fenerbah\u00e7e&#8217;nin ba\u015fkan aday\u0131 Aziz Y\u0131ld\u0131r\u0131m&#8217;\u0131n teknik direkt\u00f6r vaadi olan Jose Mourinho, Fenerbah\u00e7e ile 2 y\u0131ll\u0131k s\u00f6zle\u015fme imzalad\u0131.<\/strong><\/p>\n\n\n\n<p>S\u00fcper Lig devi Fenerbah\u00e7e Ba\u015fkan Aday\u0131 Aziz Y\u0131ld\u0131r\u0131m&#8217;\u0131n teknik direkt\u00f6r vaadi olan Jose Mourinho i\u00e7in s\u0131cak bir geli\u015fme ya\u015fand\u0131. Jose Mourinho, Fenerbah\u00e7e ile 2 y\u0131ll\u0131k s\u00f6zle\u015fmeye imza att\u0131.<\/p>\n\n\n\n<p><strong>AL\u0130 KO\u00c7 TRANSFER\u0130 B\u0130T\u0130RD\u0130<\/strong><\/p>\n\n\n\n<p>Ya\u011f\u0131z Sabuncuo\u011flu&#8217;nun haberine g\u00f6re Ali Ko\u00e7, Jose Mourinho ile 2+1 y\u0131ll\u0131k s\u00f6zle\u015fme imzalad\u0131. Acun Il\u0131cal\u0131 ve Ali Ko\u00e7, Londra&#8217;ya gidiyor. Jose Mourinho ile bulu\u015fup \u015eampiyonlar Ligi finalini beraber izleyecekler.<\/p>\n\n\n\n<p><strong>AZ\u0130Z YILDIRIM DEVREYE G\u0130RM\u0130\u015eT\u0130<\/strong><\/p>\n\n\n\n<p>Sar\u0131-lacivertlilerin ba\u015fkan aday\u0131 Aziz Y\u0131ld\u0131r\u0131m, ge\u00e7ti\u011fimiz g\u00fcn a\u00e7\u0131klama yaparak, &#8220;Jose Mourinho imzay\u0131 att\u0131, gelmeme durumu yok.&#8221; ifadelerini kullanm\u0131\u015ft\u0131<\/p>\n","protected":false},"excerpt":{"rendered":"<p>Fenerbah\u00e7e&#8217;nin ba\u015fkan aday\u0131 Aziz Y\u0131ld\u0131r\u0131m&#8217;\u0131n teknik direkt\u00f6r vaadi olan Jose Mourinho, Fenerbah\u00e7e ile 2 y\u0131ll\u0131k s\u00f6zle\u015fme&#46;&#46;&#46;<\/p>\n","protected":false},"author":2,"featured_media":15124,"comment_status":"open","ping_status":"open","sticky":false,"template":"","format":"standard","meta":{"inline_featured_image":false,"footnotes":""},"categories":[88],"tags":[3953,2097,661,107],"manset":[],"class_list":["post-15122","post","type-post","status-publish","format-standard","has-post-thumbnail","hentry","category-spor-haberleri","tag-ali-koc","tag-aziz-yildirim","tag-fenerbahce","tag-ub"],"_links":{"self":[{"href":"https:\/\/www.urfabugun.com\/index.php\/wp-json\/wp\/v2\/posts\/15122","targetHints":{"allow":["GET"]}}],"collection":[{"href":"https:\/\/www.urfabugun.com\/index.php\/wp-json\/wp\/v2\/posts"}],"about":[{"href":"https:\/\/www.urfabugun.com\/index.php\/wp-json\/wp\/v2\/types\/post"}],"author":[{"embeddable":true,"href":"https:\/\/www.urfabugun.com\/index.php\/wp-json\/wp\/v2\/users\/2"}],"replies":[{"embeddable":true,"href":"https:\/\/www.urfabugun.com\/index.php\/wp-json\/wp\/v2\/comments?post=15122"}],"version-history":[{"count":0,"href":"https:\/\/www.urfabugun.com\/index.php\/wp-json\/wp\/v2\/posts\/15122\/revisions"}],"wp:featuredmedia":[{"embeddable":true,"href":"https:\/\/www.urfabugun.com\/index.php\/wp-json\/wp\/v2\/media\/15124"}],"wp:attachment":[{"href":"https:\/\/www.urfabugun.com\/index.php\/wp-json\/wp\/v2\/media?parent=15122"}],"wp:term":[{"taxonomy":"category","embeddable":true,"href":"https:\/\/www.urfabugun.com\/index.php\/wp-json\/wp\/v2\/categories?post=15122"},{"taxonomy":"post_tag","embeddable":true,"href":"https:\/\/www.urfabugun.com\/index.php\/wp-json\/wp\/v2\/tags?post=15122"},{"taxonomy":"manset","embeddable":true,"href":"https:\/\/www.urfabugun.com\/index.php\/wp-json\/wp\/v2\/manset?post=15122"}],"curies":[{"name":"wp","href":"https:\/\/api.w.org\/{rel}","templated":true}]}}