{"id":15151,"date":"2024-06-01T12:04:03","date_gmt":"2024-06-01T09:04:03","guid":{"rendered":"https:\/\/www.urfabugun.com\/?p=15151"},"modified":"2024-06-01T12:04:10","modified_gmt":"2024-06-01T09:04:10","slug":"lgs-merkezi-sinavi-yarin-yapilacak","status":"publish","type":"post","link":"https:\/\/www.urfabugun.com\/index.php\/2024\/06\/01\/lgs-merkezi-sinavi-yarin-yapilacak\/","title":{"rendered":"LGS Merkezi S\u0131nav\u0131 Yar\u0131n Yap\u0131lacak!"},"content":{"rendered":"\n<p><\/p>\n\n\n\n<p><strong>Milli E\u011fitim Bakanl\u0131\u011f\u0131&#8217;nca (MEB), 8&#8217;inci s\u0131n\u0131f \u00f6\u011frencilerine y\u00f6nelik Liselere Ge\u00e7i\u015f Sistemi (LGS) kapsam\u0131ndaki merkezi s\u0131nav yar\u0131n d\u00fczenlenecek. 1 milyonun \u00fczerinde aday\u0131n yar\u0131\u015faca\u011f\u0131 s\u0131nav, 973 yurt i\u00e7i s\u0131nav merkezinde 3 bin 891 okulda 62 bin 663 salonda yap\u0131lacak.<\/strong><\/p>\n\n\n\n<p>2 Haziran&#8217;daki LGS kapsam\u0131ndaki merkez\u00ee s\u0131nava, s\u0131nava girmek isteyen 8. s\u0131n\u0131f \u00f6\u011frencileri, 18 Mart-2 Nisan&#8217;da iste\u011fe ba\u011fl\u0131 olarak elektronik ortamda ba\u015fvurular\u0131n\u0131 yapm\u0131\u015ft\u0131. \u00d6\u011frenciler COVID-19 salg\u0131n\u0131 \u00f6ncesinde oldu\u011fu gibi yine il ve il\u00e7elerde belirlenen okullarda s\u0131nava girecekler.<\/p>\n\n\n\n<p>Liselere ge\u00e7i\u015fte okullar\u0131n yakla\u015f\u0131k y\u00fczde 85&#8217;i adrese dayal\u0131 yerel yerle\u015ftirmeyle \u00f6\u011frenci ald\u0131. Bu kapsamda, \u00f6\u011frencilerin merkez\u00ee s\u0131nava girme zorunlulu\u011fu bulunmuyor.<\/p>\n\n\n\n<p>LGS merkez\u00ee s\u0131nav\u0131na bu y\u0131l 1 milyon 38 bin 192 \u00f6\u011frenci ba\u015fvuruda bulundu. S\u0131nav, 973 yurt i\u00e7i s\u0131nav merkezinde, 3 bin 891 okuldaki 62 bin 663 salonda, yurt d\u0131\u015f\u0131nda ise 11 s\u0131nav merkezinde 11 okuldaki 35 salonda yap\u0131lacak.<\/p>\n\n\n\n<p>Ayr\u0131ca \u00f6zel durumlar\u0131 dolay\u0131s\u0131yla 187 \u00f6\u011frenci evde veya hastanede s\u0131nava al\u0131nacak. G\u00f6rme engelli 82, az g\u00f6ren 292 \u00f6\u011frenciye y\u00f6nelik de gerekli tedbirler al\u0131nd\u0131.<\/p>\n\n\n\n<p>Bu y\u0131l 8. s\u0131n\u0131f s\u0131nav tarihine g\u00f6re i\u015flenen t\u00fcm konular s\u0131nav kapsam\u0131nda olacak. Merkez\u00ee s\u0131nav\u0131n birinci oturumu 09.30 ve ikinci oturum 11.30&#8217;da ba\u015flayacak. \u0130ki oturum h\u00e2linde uygulanacak s\u0131navda \u00e7oktan se\u00e7meli 90 soru sorulacak ve oturumlar ayn\u0131 g\u00fcn tamamlanacak.<\/p>\n\n\n\n<p>S\u0131nav\u0131n birinci oturumu, 50 soruluk s\u00f6zel alandan olu\u015fup s\u00fcresi 75 dakika olacak. 40 soruluk say\u0131sal alandan olu\u015fan ikinci oturum ise 80 dakika s\u00fcrecek. Birinci oturumda, 8&#8217;inci s\u0131n\u0131f T\u00fcrk\u00e7e, T.C. ink\u0131lap tarihi ve Atat\u00fcrk\u00e7\u00fcl\u00fck, din k\u00fclt\u00fcr\u00fc ve ahlak bilgisi ile yabanc\u0131 dil; ikinci oturumda ise matematik ve fen bilimleri derslerinden sorular sorulacak.<\/p>\n\n\n\n<p><strong>N\u00dcFUS M\u00dcD\u00dcRL\u00dcKLER\u0130 A\u00c7IK OLACAK<\/strong><\/p>\n\n\n\n<p>N\u00fcfus ve Vatanda\u015fl\u0131k \u0130\u015fleri Genel M\u00fcd\u00fcrl\u00fc\u011f\u00fcn\u00fcn sosyal medya hesab\u0131ndan yap\u0131lan payla\u015f\u0131mda, LGS dolay\u0131s\u0131yla s\u0131nav merkezi olan il ve il\u00e7elerde n\u00fcfus m\u00fcd\u00fcrl\u00fcklerinin 2 Haziran Pazar g\u00fcn\u00fc 07.00-10.00 saatlerinde a\u00e7\u0131k tutulaca\u011f\u0131 belirtildi.<\/p>\n\n\n\n<p>\u00d6\u011frencilerin vakit kayb\u0131 ya\u015famamalar\u0131 i\u00e7in ba\u015fvurudan \u00f6nce s\u0131nava giri\u015f belgesini ibraz ederek ebeveyni ile m\u00fcracaat etmesi gerekiyor.<\/p>\n\n\n\n<p><strong>SONU\u00c7LAR, 28 HAZ\u0130RAN&#8217;DA A\u00c7IKLANACAK<\/strong><\/p>\n\n\n\n<p>S\u0131nav sonu\u00e7lar\u0131 28 Haziran&#8217;da a\u00e7\u0131klanacak ve ayn\u0131 g\u00fcn Orta\u00f6\u011fretime Ge\u00e7i\u015f Tercih ve Yerle\u015ftirme K\u0131lavuzu yay\u0131mlanacak.<\/p>\n","protected":false},"excerpt":{"rendered":"<p>Milli E\u011fitim Bakanl\u0131\u011f\u0131&#8217;nca (MEB), 8&#8217;inci s\u0131n\u0131f \u00f6\u011frencilerine y\u00f6nelik Liselere Ge\u00e7i\u015f Sistemi (LGS) kapsam\u0131ndaki merkezi s\u0131nav yar\u0131n&#46;&#46;&#46;<\/p>\n","protected":false},"author":2,"featured_media":15153,"comment_status":"open","ping_status":"open","sticky":false,"template":"","format":"standard","meta":{"inline_featured_image":false,"footnotes":""},"categories":[79],"tags":[4456,131,107],"manset":[],"class_list":["post-15151","post","type-post","status-publish","format-standard","has-post-thumbnail","hentry","category-egitim-haberleri","tag-lgs-merkezi-sinavi-yarin-yapilacak","tag-son-dakika","tag-ub"],"_links":{"self":[{"href":"https:\/\/www.urfabugun.com\/index.php\/wp-json\/wp\/v2\/posts\/15151","targetHints":{"allow":["GET"]}}],"collection":[{"href":"https:\/\/www.urfabugun.com\/index.php\/wp-json\/wp\/v2\/posts"}],"about":[{"href":"https:\/\/www.urfabugun.com\/index.php\/wp-json\/wp\/v2\/types\/post"}],"author":[{"embeddable":true,"href":"https:\/\/www.urfabugun.com\/index.php\/wp-json\/wp\/v2\/users\/2"}],"replies":[{"embeddable":true,"href":"https:\/\/www.urfabugun.com\/index.php\/wp-json\/wp\/v2\/comments?post=15151"}],"version-history":[{"count":0,"href":"https:\/\/www.urfabugun.com\/index.php\/wp-json\/wp\/v2\/posts\/15151\/revisions"}],"wp:featuredmedia":[{"embeddable":true,"href":"https:\/\/www.urfabugun.com\/index.php\/wp-json\/wp\/v2\/media\/15153"}],"wp:attachment":[{"href":"https:\/\/www.urfabugun.com\/index.php\/wp-json\/wp\/v2\/media?parent=15151"}],"wp:term":[{"taxonomy":"category","embeddable":true,"href":"https:\/\/www.urfabugun.com\/index.php\/wp-json\/wp\/v2\/categories?post=15151"},{"taxonomy":"post_tag","embeddable":true,"href":"https:\/\/www.urfabugun.com\/index.php\/wp-json\/wp\/v2\/tags?post=15151"},{"taxonomy":"manset","embeddable":true,"href":"https:\/\/www.urfabugun.com\/index.php\/wp-json\/wp\/v2\/manset?post=15151"}],"curies":[{"name":"wp","href":"https:\/\/api.w.org\/{rel}","templated":true}]}}