{"id":15159,"date":"2024-06-01T16:54:02","date_gmt":"2024-06-01T13:54:02","guid":{"rendered":"https:\/\/www.urfabugun.com\/?p=15159"},"modified":"2024-06-01T16:54:10","modified_gmt":"2024-06-01T13:54:10","slug":"sanliurfada-polisten-hayvan-pazarina-denetim","status":"publish","type":"post","link":"https:\/\/www.urfabugun.com\/index.php\/2024\/06\/01\/sanliurfada-polisten-hayvan-pazarina-denetim\/","title":{"rendered":"\u015eanl\u0131urfa\u2019da Polisten Hayvan Pazar\u0131na Denetim!"},"content":{"rendered":"\n<p><\/p>\n\n\n\n<p><strong>\u015eanl\u0131urfa\u2019n\u0131n Viran\u015fehir il\u00e7esinde polis ekipleri taraf\u0131ndan hayvan pazar\u0131nda denetim yap\u0131ld\u0131.<\/strong><\/p>\n\n\n\n<p>Viran\u015fehir \u0130l\u00e7e Emniyet M\u00fcd\u00fcrl\u00fc\u011f\u00fc ekipleri taraf\u0131ndan hayvan pazar\u0131nda denetim yap\u0131ld\u0131.<\/p>\n\n\n\n<p>Viran\u015fehir \u0130l\u00e7e Emniyet M\u00fcd\u00fcrl\u00fc\u011f\u00fcnde g\u00f6revli 14 ekip ve 51 personelin kat\u0131l\u0131mlar\u0131yla Emiro\u011flu Mahallesinde bulunan kurbanl\u0131k hayvan pazar\u0131nda 337 \u015fah\u0131s sorguland\u0131. Ayr\u0131ca h\u0131rs\u0131zl\u0131k, doland\u0131r\u0131c\u0131l\u0131k ve parada sahtecilik olaylar\u0131na kar\u015f\u0131 vatanda\u015flar\u0131 bilgilendirdi.<\/p>\n\n\n\n<p>\u015eanl\u0131urfa \u0130l Emniyet M\u00fcd\u00fcrl\u00fc\u011f\u00fcnden yap\u0131lan a\u00e7\u0131klamada kentin huzur ve g\u00fcvenli\u011fi i\u00e7in uygulamalar\u0131n devam edece\u011fini bildirdi.<\/p>\n","protected":false},"excerpt":{"rendered":"<p>\u015eanl\u0131urfa\u2019n\u0131n Viran\u015fehir il\u00e7esinde polis ekipleri taraf\u0131ndan hayvan pazar\u0131nda denetim yap\u0131ld\u0131. Viran\u015fehir \u0130l\u00e7e Emniyet M\u00fcd\u00fcrl\u00fc\u011f\u00fc ekipleri taraf\u0131ndan&#46;&#46;&#46;<\/p>\n","protected":false},"author":2,"featured_media":15161,"comment_status":"open","ping_status":"open","sticky":false,"template":"","format":"standard","meta":{"inline_featured_image":false,"footnotes":""},"categories":[82],"tags":[4458,131,107],"manset":[],"class_list":["post-15159","post","type-post","status-publish","format-standard","has-post-thumbnail","hentry","category-gundem-haberleri","tag-sanliurfada-polisten-hayvan-pazarina-denetim","tag-son-dakika","tag-ub"],"_links":{"self":[{"href":"https:\/\/www.urfabugun.com\/index.php\/wp-json\/wp\/v2\/posts\/15159","targetHints":{"allow":["GET"]}}],"collection":[{"href":"https:\/\/www.urfabugun.com\/index.php\/wp-json\/wp\/v2\/posts"}],"about":[{"href":"https:\/\/www.urfabugun.com\/index.php\/wp-json\/wp\/v2\/types\/post"}],"author":[{"embeddable":true,"href":"https:\/\/www.urfabugun.com\/index.php\/wp-json\/wp\/v2\/users\/2"}],"replies":[{"embeddable":true,"href":"https:\/\/www.urfabugun.com\/index.php\/wp-json\/wp\/v2\/comments?post=15159"}],"version-history":[{"count":0,"href":"https:\/\/www.urfabugun.com\/index.php\/wp-json\/wp\/v2\/posts\/15159\/revisions"}],"wp:featuredmedia":[{"embeddable":true,"href":"https:\/\/www.urfabugun.com\/index.php\/wp-json\/wp\/v2\/media\/15161"}],"wp:attachment":[{"href":"https:\/\/www.urfabugun.com\/index.php\/wp-json\/wp\/v2\/media?parent=15159"}],"wp:term":[{"taxonomy":"category","embeddable":true,"href":"https:\/\/www.urfabugun.com\/index.php\/wp-json\/wp\/v2\/categories?post=15159"},{"taxonomy":"post_tag","embeddable":true,"href":"https:\/\/www.urfabugun.com\/index.php\/wp-json\/wp\/v2\/tags?post=15159"},{"taxonomy":"manset","embeddable":true,"href":"https:\/\/www.urfabugun.com\/index.php\/wp-json\/wp\/v2\/manset?post=15159"}],"curies":[{"name":"wp","href":"https:\/\/api.w.org\/{rel}","templated":true}]}}