{"id":1516,"date":"2023-01-13T21:07:48","date_gmt":"2023-01-13T18:07:48","guid":{"rendered":"https:\/\/www.urfabugun.com\/?p=1516"},"modified":"2023-01-14T07:43:39","modified_gmt":"2023-01-14T04:43:39","slug":"baskan-kus-eyyubiyeli-genclere-mujdeyi-verdi","status":"publish","type":"post","link":"https:\/\/www.urfabugun.com\/index.php\/2023\/01\/13\/baskan-kus-eyyubiyeli-genclere-mujdeyi-verdi\/","title":{"rendered":"Ba\u015fkan Ku\u015f, Eyy\u00fcbiyeli Gen\u00e7lere M\u00fcjdeyi Verdi"},"content":{"rendered":"\n<p><strong>\u015eanl\u0131urfa\u2019n\u0131n en gen\u00e7 n\u00fcfusuna sahip il\u00e7esi Eyy\u00fcbiye\u2019de, sosyo-ekonomik y\u00f6nden dezavantajl\u0131 gen\u00e7lerin \u00fcniversiteye yerle\u015fmesi i\u00e7in devasa hizmetler hayata ge\u00e7iren Belediye Ba\u015fkan\u0131 Mehmet Ku\u015f, ikinci s\u0131nav haz\u0131rl\u0131k merkezinde pazartesi g\u00fcn\u00fc ders ba\u015f\u0131 yap\u0131laca\u011f\u0131n\u0131 a\u00e7\u0131klad\u0131.<br><\/strong>Gen\u00e7 n\u00fcfus ortalamas\u0131 T\u00fcrkiye\u2019nin \u00fczerinde olan Eyy\u00fcbiye\u2019de, gen\u00e7lerin e\u011fitimde, sporda, k\u00fclt\u00fcrel ve sanatsal faaliyetler ile ekonomik hayatta yer almalar\u0131na y\u00f6nelik \u00f6nemli projeler hayata ge\u00e7iren Belediye Ba\u015fkan\u0131 Mehmet Ku\u015f, Eyl\u00fcl ay\u0131nda hizmete sunulan Onikiler S\u0131nav Haz\u0131rl\u0131k Merkezi\u2019ni ziyaret ederek \u00f6\u011frencilerle bir araya geldi.<br>AK Parti Eyy\u00fcbiye \u0130l\u00e7e Ba\u015fkan\u0131 Mehmet Mo\u011fal, Belediye Meclis \u00dcyesi \u0130smail \u00d6zbek ve mahalle muhtarlar\u0131yla birlikte Onikiler S\u0131nav Haz\u0131rl\u0131k Merkezi\u2019ne giderek \u00f6\u011frenciler ve \u00f6\u011fretmenlerle bulu\u015fan Ba\u015fkan Ku\u015f, \u00f6\u011frencilerin e\u011fitim s\u00fcresinin uzat\u0131lmas\u0131 y\u00f6n\u00fcndeki taleplerini de\u011ferlendirdi.<br>Buradaki incelemelerinin ard\u0131ndan yap\u0131m\u0131 tamamlanan ve Pazartesi g\u00fcn\u00fc ilk derslerin ba\u015flayaca\u011f\u0131 Yenice Mahallesi\u2019ndeki s\u0131nav haz\u0131rl\u0131k merkezi binas\u0131na ge\u00e7en Ba\u015fkan Ku\u015f ve beraberindekiler, burada yap\u0131lan \u00e7al\u0131\u015fma ve d\u00fczenlemeler hakk\u0131nda da yetkililerden bilgi ald\u0131lar.<br>Onikiler Mahallesi\u2019nde hizmete sunulan S\u0131nav Haz\u0131rl\u0131k Merkezi\u2019nde 200 \u00f6\u011frencinin e\u011fitim g\u00f6rmeye ba\u015flad\u0131\u011f\u0131n\u0131 hat\u0131rlatan Ba\u015fkan Ku\u015f, \u201cOrada verilen e\u011fitimi ve verimlili\u011fi g\u00f6rd\u00fck. S\u0131nav merkezlerinin say\u0131s\u0131n\u0131 art\u0131raca\u011f\u0131na dair de vaatte bulunmu\u015ftuk. Pazartesi g\u00fcn\u00fc itibariyle de Yenice\u2019deki s\u0131nav haz\u0131rl\u0131k merkezimizi evlatlar\u0131m\u0131z\u0131n, yavrular\u0131m\u0131z\u0131n hizmetine sunaca\u011f\u0131z, e\u011fitim noktas\u0131na kendilerine \u00e7ok ciddi destekte bulunaca\u011f\u0131z\u201d dedi<\/p>\n","protected":false},"excerpt":{"rendered":"<p>\u015eanl\u0131urfa\u2019n\u0131n en gen\u00e7 n\u00fcfusuna sahip il\u00e7esi Eyy\u00fcbiye\u2019de, sosyo-ekonomik y\u00f6nden dezavantajl\u0131 gen\u00e7lerin \u00fcniversiteye yerle\u015fmesi i\u00e7in devasa hizmetler&#46;&#46;&#46;<\/p>\n","protected":false},"author":2,"featured_media":1518,"comment_status":"open","ping_status":"open","sticky":false,"template":"","format":"standard","meta":{"inline_featured_image":false,"footnotes":""},"categories":[82],"tags":[134,107],"manset":[],"class_list":["post-1516","post","type-post","status-publish","format-standard","has-post-thumbnail","hentry","category-gundem-haberleri","tag-mehmet-kus","tag-ub"],"_links":{"self":[{"href":"https:\/\/www.urfabugun.com\/index.php\/wp-json\/wp\/v2\/posts\/1516","targetHints":{"allow":["GET"]}}],"collection":[{"href":"https:\/\/www.urfabugun.com\/index.php\/wp-json\/wp\/v2\/posts"}],"about":[{"href":"https:\/\/www.urfabugun.com\/index.php\/wp-json\/wp\/v2\/types\/post"}],"author":[{"embeddable":true,"href":"https:\/\/www.urfabugun.com\/index.php\/wp-json\/wp\/v2\/users\/2"}],"replies":[{"embeddable":true,"href":"https:\/\/www.urfabugun.com\/index.php\/wp-json\/wp\/v2\/comments?post=1516"}],"version-history":[{"count":0,"href":"https:\/\/www.urfabugun.com\/index.php\/wp-json\/wp\/v2\/posts\/1516\/revisions"}],"wp:featuredmedia":[{"embeddable":true,"href":"https:\/\/www.urfabugun.com\/index.php\/wp-json\/wp\/v2\/media\/1518"}],"wp:attachment":[{"href":"https:\/\/www.urfabugun.com\/index.php\/wp-json\/wp\/v2\/media?parent=1516"}],"wp:term":[{"taxonomy":"category","embeddable":true,"href":"https:\/\/www.urfabugun.com\/index.php\/wp-json\/wp\/v2\/categories?post=1516"},{"taxonomy":"post_tag","embeddable":true,"href":"https:\/\/www.urfabugun.com\/index.php\/wp-json\/wp\/v2\/tags?post=1516"},{"taxonomy":"manset","embeddable":true,"href":"https:\/\/www.urfabugun.com\/index.php\/wp-json\/wp\/v2\/manset?post=1516"}],"curies":[{"name":"wp","href":"https:\/\/api.w.org\/{rel}","templated":true}]}}