{"id":15192,"date":"2024-06-03T09:34:28","date_gmt":"2024-06-03T06:34:28","guid":{"rendered":"https:\/\/www.urfabugun.com\/?p=15192"},"modified":"2024-06-03T09:34:36","modified_gmt":"2024-06-03T06:34:36","slug":"meteoroloji-acikladi-sanliurfada-kavurucu-sicaklar-etkisini-gosterecek","status":"publish","type":"post","link":"https:\/\/www.urfabugun.com\/index.php\/2024\/06\/03\/meteoroloji-acikladi-sanliurfada-kavurucu-sicaklar-etkisini-gosterecek\/","title":{"rendered":"Meteoroloji A\u00e7\u0131klad\u0131! \u015eanl\u0131urfa\u2019da Kavurucu S\u0131caklar Etkisini G\u00f6sterecek!"},"content":{"rendered":"\n<p><\/p>\n\n\n\n<p><strong>Meteoroloji Genel M\u00fcd\u00fcrl\u00fc\u011f\u00fc \u015eanl\u0131urfa\u2019n\u0131n hava durumuna ili\u015fkin verileri payla\u015ft\u0131.<\/strong><\/p>\n\n\n\n<p>Meteoroloji Genel M\u00fcd\u00fcrl\u00fc\u011f\u00fc taraf\u0131ndan periyodik olarak g\u00fcncellenen Hava Durumu verileri, \u00f6l\u00e7\u00fcm an\u0131ndaki tahmini durumlara dayal\u0131d\u0131r.<\/p>\n\n\n\n<p>Bu sebeple, tahminlerin anl\u0131k olarak takip edilmesi ayr\u0131ca fayda getirir.<\/p>\n\n\n\n<p>&#8220;Bug\u00fcn hava nas\u0131l olacak&#8221; sorusunun yan\u0131t\u0131 Meteoroloji Genel M\u00fcd\u00fcrl\u00fc\u011f\u00fc&#8217;nden geldi. G\u00fcnlerdir s\u0131cak hava dalgas\u0131n\u0131n artarak devam edece\u011fini aktaran Meteoroloji bug\u00fcnk\u00fc tahminlerinde t\u00fcm b\u00f6lgelerde s\u0131cakl\u0131klar\u0131n mevsim normallerinin \u00fczerinde olaca\u011f\u0131n\u0131 bildirdi.<\/p>\n\n\n\n<p>HAVA DURUMU TAHM\u0130NLER\u0130<\/p>\n\n\n\n<p>\u015eanl\u0131urfa\u2019da s\u0131cak hava etkisini g\u00f6stermeye ba\u015flad\u0131. Hava durumu Pazartesi en d\u00fc\u015f\u00fck 24 en y\u00fcksek 37 derece, Sal\u0131 g\u00fcn\u00fc 39\/24 derece olurken, \u00c7ar\u015famba 40-24 derece, Per\u015fembe 41\/25 , Cuma g\u00fcn\u00fc ise 40\/25 derece olmas\u0131 bekleniyor.<\/p>\n","protected":false},"excerpt":{"rendered":"<p>Meteoroloji Genel M\u00fcd\u00fcrl\u00fc\u011f\u00fc \u015eanl\u0131urfa\u2019n\u0131n hava durumuna ili\u015fkin verileri payla\u015ft\u0131. Meteoroloji Genel M\u00fcd\u00fcrl\u00fc\u011f\u00fc taraf\u0131ndan periyodik olarak g\u00fcncellenen&#46;&#46;&#46;<\/p>\n","protected":false},"author":2,"featured_media":15194,"comment_status":"open","ping_status":"open","sticky":false,"template":"","format":"standard","meta":{"inline_featured_image":false,"footnotes":""},"categories":[92],"tags":[108,1942,118,131,107,608,93],"manset":[],"class_list":["post-15192","post","type-post","status-publish","format-standard","has-post-thumbnail","hentry","category-yasam-haberleri","tag-hava-durumu","tag-kavurucu-sicaklar","tag-sanliurfa","tag-son-dakika","tag-ub","tag-urfa-bugun","tag-ust"],"_links":{"self":[{"href":"https:\/\/www.urfabugun.com\/index.php\/wp-json\/wp\/v2\/posts\/15192","targetHints":{"allow":["GET"]}}],"collection":[{"href":"https:\/\/www.urfabugun.com\/index.php\/wp-json\/wp\/v2\/posts"}],"about":[{"href":"https:\/\/www.urfabugun.com\/index.php\/wp-json\/wp\/v2\/types\/post"}],"author":[{"embeddable":true,"href":"https:\/\/www.urfabugun.com\/index.php\/wp-json\/wp\/v2\/users\/2"}],"replies":[{"embeddable":true,"href":"https:\/\/www.urfabugun.com\/index.php\/wp-json\/wp\/v2\/comments?post=15192"}],"version-history":[{"count":0,"href":"https:\/\/www.urfabugun.com\/index.php\/wp-json\/wp\/v2\/posts\/15192\/revisions"}],"wp:featuredmedia":[{"embeddable":true,"href":"https:\/\/www.urfabugun.com\/index.php\/wp-json\/wp\/v2\/media\/15194"}],"wp:attachment":[{"href":"https:\/\/www.urfabugun.com\/index.php\/wp-json\/wp\/v2\/media?parent=15192"}],"wp:term":[{"taxonomy":"category","embeddable":true,"href":"https:\/\/www.urfabugun.com\/index.php\/wp-json\/wp\/v2\/categories?post=15192"},{"taxonomy":"post_tag","embeddable":true,"href":"https:\/\/www.urfabugun.com\/index.php\/wp-json\/wp\/v2\/tags?post=15192"},{"taxonomy":"manset","embeddable":true,"href":"https:\/\/www.urfabugun.com\/index.php\/wp-json\/wp\/v2\/manset?post=15192"}],"curies":[{"name":"wp","href":"https:\/\/api.w.org\/{rel}","templated":true}]}}