{"id":15222,"date":"2024-06-04T08:21:47","date_gmt":"2024-06-04T05:21:47","guid":{"rendered":"https:\/\/www.urfabugun.com\/?p=15222"},"modified":"2024-06-04T08:21:54","modified_gmt":"2024-06-04T05:21:54","slug":"kabine-bestepede-toplanacak-bayram-tatili-9-gun-olacak-mi","status":"publish","type":"post","link":"https:\/\/www.urfabugun.com\/index.php\/2024\/06\/04\/kabine-bestepede-toplanacak-bayram-tatili-9-gun-olacak-mi\/","title":{"rendered":"Kabine Be\u015ftepe&#8217;de Toplanacak: Bayram Tatili 9 G\u00fcn Olacak M\u0131?"},"content":{"rendered":"\n<p><\/p>\n\n\n\n<p><strong>28 May\u0131s se\u00e7imlerinin ard\u0131ndan Cumhurba\u015fkan\u0131 Erdo\u011fan&#8217;\u0131n ba\u015fkanl\u0131\u011f\u0131nda kurulan h\u00fck\u00fcmet, bir y\u0131l\u0131 geride b\u0131rakt\u0131. Erdo\u011fan, bu bir y\u0131lda hangi \u00e7al\u0131\u015fmalara imza at\u0131ld\u0131\u011f\u0131n\u0131, bug\u00fcn yap\u0131lacak kabine toplant\u0131s\u0131n\u0131n ard\u0131ndan a\u00e7\u0131klayacak. Toplant\u0131da, Kurban Bayram\u0131 tatilinin 9 g\u00fcne \u00e7\u0131k\u0131p \u00e7\u0131kmayaca\u011f\u0131 konusunun da netle\u015fmesi bekleniyor<\/strong><\/p>\n\n\n\n<p>28 May\u0131s 2023 se\u00e7imlerinin ard\u0131ndan bir y\u0131l geride kald\u0131. Enerjiden savunmaya, ekonomiden tar\u0131ma kadar bir\u00e7ok alanda ad\u0131mlar at\u0131ld\u0131. Deprem b\u00f6lgesinde yaralar\u0131n sar\u0131lmas\u0131na y\u00f6nelik \u00e7abalar da devam etti.<\/p>\n\n\n\n<p>Cumhurba\u015fkan\u0131 Recep Tayyip Erdo\u011fan, bir y\u0131l\u0131n de\u011ferlendirmesini kabine toplant\u0131s\u0131n\u0131n ard\u0131ndan yapacak.<\/p>\n\n\n\n<p><strong>KURBAN BAYRAMI TAT\u0130L\u0130 9 G\u00dcN OLACAK MI?<\/strong><\/p>\n\n\n\n<p>Ramazan Bayram\u0131\u2019nda oldu\u011fu gibi Kurban Bayram\u0131\u2019nda da ara g\u00fcnlerin hafta sonu ile birle\u015ftirilip 9 g\u00fcnl\u00fck tatil olmas\u0131na y\u00f6nelik beklentiler artarken t\u00fcm g\u00f6zler Be\u015ftepe&#8217;ye \u00e7evrildi.<\/p>\n\n\n\n<p>Cumhurba\u015fkan\u0131 Erdo\u011fan ba\u015fkanl\u0131\u011f\u0131nda yap\u0131lan Kabine Toplant\u0131s\u0131&#8217;nda bayram tatilinin ele al\u0131nmas\u0131 \u00f6ng\u00f6r\u00fcl\u00fcyor. Bu sene Kurban Bayram\u0131, 16-17-18 ve 19 Haziran (pazar- pazartesi- sal\u0131- \u00e7ar\u015famba) tarihlerini kaps\u0131yor.<\/p>\n\n\n\n<p>14 Haziran Cuma g\u00fcn\u00fc okullar\u0131n kapanmas\u0131yla milyonlarca ki\u015finin tatile \u00e7\u0131kmas\u0131 bekleniyor. Bu nedenle bayram tatilinin 9 g\u00fcn olmas\u0131na y\u00f6nelik beklentiler artt\u0131.<\/p>\n","protected":false},"excerpt":{"rendered":"<p>28 May\u0131s se\u00e7imlerinin ard\u0131ndan Cumhurba\u015fkan\u0131 Erdo\u011fan&#8217;\u0131n ba\u015fkanl\u0131\u011f\u0131nda kurulan h\u00fck\u00fcmet, bir y\u0131l\u0131 geride b\u0131rakt\u0131. Erdo\u011fan, bu bir&#46;&#46;&#46;<\/p>\n","protected":false},"author":2,"featured_media":15224,"comment_status":"open","ping_status":"open","sticky":false,"template":"","format":"standard","meta":{"inline_featured_image":false,"footnotes":""},"categories":[82],"tags":[747,4471,131,107],"manset":[],"class_list":["post-15222","post","type-post","status-publish","format-standard","has-post-thumbnail","hentry","category-gundem-haberleri","tag-kabine-toplantisi","tag-kurban-bayrami-tatili","tag-son-dakika","tag-ub"],"_links":{"self":[{"href":"https:\/\/www.urfabugun.com\/index.php\/wp-json\/wp\/v2\/posts\/15222","targetHints":{"allow":["GET"]}}],"collection":[{"href":"https:\/\/www.urfabugun.com\/index.php\/wp-json\/wp\/v2\/posts"}],"about":[{"href":"https:\/\/www.urfabugun.com\/index.php\/wp-json\/wp\/v2\/types\/post"}],"author":[{"embeddable":true,"href":"https:\/\/www.urfabugun.com\/index.php\/wp-json\/wp\/v2\/users\/2"}],"replies":[{"embeddable":true,"href":"https:\/\/www.urfabugun.com\/index.php\/wp-json\/wp\/v2\/comments?post=15222"}],"version-history":[{"count":0,"href":"https:\/\/www.urfabugun.com\/index.php\/wp-json\/wp\/v2\/posts\/15222\/revisions"}],"wp:featuredmedia":[{"embeddable":true,"href":"https:\/\/www.urfabugun.com\/index.php\/wp-json\/wp\/v2\/media\/15224"}],"wp:attachment":[{"href":"https:\/\/www.urfabugun.com\/index.php\/wp-json\/wp\/v2\/media?parent=15222"}],"wp:term":[{"taxonomy":"category","embeddable":true,"href":"https:\/\/www.urfabugun.com\/index.php\/wp-json\/wp\/v2\/categories?post=15222"},{"taxonomy":"post_tag","embeddable":true,"href":"https:\/\/www.urfabugun.com\/index.php\/wp-json\/wp\/v2\/tags?post=15222"},{"taxonomy":"manset","embeddable":true,"href":"https:\/\/www.urfabugun.com\/index.php\/wp-json\/wp\/v2\/manset?post=15222"}],"curies":[{"name":"wp","href":"https:\/\/api.w.org\/{rel}","templated":true}]}}