{"id":15238,"date":"2024-06-04T19:22:54","date_gmt":"2024-06-04T16:22:54","guid":{"rendered":"https:\/\/www.urfabugun.com\/?p=15238"},"modified":"2024-06-04T19:23:24","modified_gmt":"2024-06-04T16:23:24","slug":"kurban-bayrami-tatili-9-gun-oldu","status":"publish","type":"post","link":"https:\/\/www.urfabugun.com\/index.php\/2024\/06\/04\/kurban-bayrami-tatili-9-gun-oldu\/","title":{"rendered":"Kurban Bayram\u0131 Tatili 9 G\u00fcn Oldu!"},"content":{"rendered":"\n<p><\/p>\n\n\n\n<p><strong>Cumhurba\u015fkan\u0131 Erdo\u011fan Kabine Toplant\u0131s\u0131 sonras\u0131 a\u00e7\u0131klamalarda bulundu. Erdo\u011fan a\u00e7\u0131klamas\u0131nda, &#8220;Kamu \u00e7al\u0131\u015fanlar\u0131m\u0131z i\u00e7in 16 Haziran Pazar g\u00fcn\u00fc ba\u015flayacak Kurban Bayram\u0131 sonras\u0131ndaki 2 g\u00fcnl\u00fck s\u00fcreyi de idari izin kapsam\u0131na ald\u0131k&#8221; dedi.<\/strong><\/p>\n\n\n\n<p>Cumhurba\u015fkan\u0131 Erdo\u011fan&#8217;\u0131n konu\u015fmalar\u0131ndan \u00f6ne \u00e7\u0131kanlar \u015fu \u015fekilde:<\/p>\n\n\n\n<p>KURBAN BAYRAMI 9 G\u00dcN OLDU<\/p>\n\n\n\n<p>Kamu \u00e7al\u0131\u015fanlar\u0131m\u0131z i\u00e7in 16 Haziran Pazar g\u00fcn\u00fc ba\u015flayacak Kurban Bayram\u0131 sonras\u0131ndaki 2 g\u00fcnl\u00fck s\u00fcreyi de idari izin kapsam\u0131na ald\u0131k.<\/p>\n\n\n\n<p>B\u00f6ylelikle per\u015fembe ve cuma g\u00fcnlerini de bayram tatiline ekleyerek 9 g\u00fcnl\u00fck bir tatil imkan\u0131 sa\u011flam\u0131\u015f oluyoruz.<\/p>\n","protected":false},"excerpt":{"rendered":"<p>Cumhurba\u015fkan\u0131 Erdo\u011fan Kabine Toplant\u0131s\u0131 sonras\u0131 a\u00e7\u0131klamalarda bulundu. Erdo\u011fan a\u00e7\u0131klamas\u0131nda, &#8220;Kamu \u00e7al\u0131\u015fanlar\u0131m\u0131z i\u00e7in 16 Haziran Pazar g\u00fcn\u00fc&#46;&#46;&#46;<\/p>\n","protected":false},"author":2,"featured_media":15240,"comment_status":"open","ping_status":"open","sticky":false,"template":"","format":"standard","meta":{"inline_featured_image":false,"footnotes":""},"categories":[82],"tags":[4476,118,131,107],"manset":[],"class_list":["post-15238","post","type-post","status-publish","format-standard","has-post-thumbnail","hentry","category-gundem-haberleri","tag-kurban-bayrami-tatili-9-gun-oldu","tag-sanliurfa","tag-son-dakika","tag-ub"],"_links":{"self":[{"href":"https:\/\/www.urfabugun.com\/index.php\/wp-json\/wp\/v2\/posts\/15238","targetHints":{"allow":["GET"]}}],"collection":[{"href":"https:\/\/www.urfabugun.com\/index.php\/wp-json\/wp\/v2\/posts"}],"about":[{"href":"https:\/\/www.urfabugun.com\/index.php\/wp-json\/wp\/v2\/types\/post"}],"author":[{"embeddable":true,"href":"https:\/\/www.urfabugun.com\/index.php\/wp-json\/wp\/v2\/users\/2"}],"replies":[{"embeddable":true,"href":"https:\/\/www.urfabugun.com\/index.php\/wp-json\/wp\/v2\/comments?post=15238"}],"version-history":[{"count":0,"href":"https:\/\/www.urfabugun.com\/index.php\/wp-json\/wp\/v2\/posts\/15238\/revisions"}],"wp:featuredmedia":[{"embeddable":true,"href":"https:\/\/www.urfabugun.com\/index.php\/wp-json\/wp\/v2\/media\/15240"}],"wp:attachment":[{"href":"https:\/\/www.urfabugun.com\/index.php\/wp-json\/wp\/v2\/media?parent=15238"}],"wp:term":[{"taxonomy":"category","embeddable":true,"href":"https:\/\/www.urfabugun.com\/index.php\/wp-json\/wp\/v2\/categories?post=15238"},{"taxonomy":"post_tag","embeddable":true,"href":"https:\/\/www.urfabugun.com\/index.php\/wp-json\/wp\/v2\/tags?post=15238"},{"taxonomy":"manset","embeddable":true,"href":"https:\/\/www.urfabugun.com\/index.php\/wp-json\/wp\/v2\/manset?post=15238"}],"curies":[{"name":"wp","href":"https:\/\/api.w.org\/{rel}","templated":true}]}}