{"id":15302,"date":"2024-06-08T09:08:53","date_gmt":"2024-06-08T06:08:53","guid":{"rendered":"https:\/\/www.urfabugun.com\/?p=15302"},"modified":"2024-06-08T09:08:59","modified_gmt":"2024-06-08T06:08:59","slug":"5-tllik-madeni-para-tedavule-cikiyor","status":"publish","type":"post","link":"https:\/\/www.urfabugun.com\/index.php\/2024\/06\/08\/5-tllik-madeni-para-tedavule-cikiyor\/","title":{"rendered":"5 TL&#8217;lik Madeni Para Tedav\u00fcle \u00c7\u0131k\u0131yor!"},"content":{"rendered":"\n<p><\/p>\n\n\n\n<p><strong>Resmi Gazete&#8217;de, 5 lira de\u011ferindeki madeni paralar\u0131n tedav\u00fcle \u00e7\u0131kar\u0131lmas\u0131na ili\u015fkin tebli\u011f yay\u0131mland\u0131. Madeni parada Atat\u00fcrk r\u00f6lyefi, T\u00fcrkiye Y\u00fczy\u0131l\u0131 logosu ve T\u00fcrkiye Cumhuriyeti yaz\u0131s\u0131 olacak.<\/strong><\/p>\n\n\n\n<p>Hazine ve Maliye Bakanl\u0131\u011f\u0131nca yay\u0131mlanan tebli\u011fde, 28\/5\/1970 tarihli ve 1264 say\u0131l\u0131 Madeni Ufakl\u0131k ve Hat\u0131ra Para Bast\u0131r\u0131lmas\u0131 Hakk\u0131nda Kanunun uyar\u0131nca, bakanl\u0131\u011fa ba\u011fl\u0131 Darphane ve Damga Matbaas\u0131 Genel M\u00fcd\u00fcrl\u00fc\u011f\u00fcnce \u00f6zellikleri belirtilen 5 lira de\u011ferindeki madeni paralar\u0131n bas\u0131ld\u0131\u011f\u0131 belirtildi.<\/p>\n\n\n\n<p>Kenar \u00f6zelli\u011fi d\u00fcz t\u0131rt\u0131ll\u0131 olan paralar\u0131n \u00e7ap\u0131 28,15 milimetre, kal\u0131nl\u0131\u011f\u0131 1,70 milimetre, a\u011f\u0131rl\u0131\u011f\u0131 ise 8,25 gram olarak belirlendi. Paralar\u0131n \u00f6n y\u00fcz deseni, d\u0131\u015f halkada 8 k\u00f6\u015feli Sel\u00e7uklu y\u0131ld\u0131z\u0131 motifi ve bu motifin d\u0131\u015f kont\u00f6r\u00fcn\u00fcn tekrar\u0131 kullan\u0131larak derinlik kazand\u0131r\u0131ld\u0131.<\/p>\n\n\n\n<p>Ayr\u0131ca, \u00f6n y\u00fczde halka ve g\u00f6be\u011fin birle\u015fim yerinde ay y\u0131ld\u0131za, ortada &#8220;T\u00fcrkiye Y\u00fczy\u0131l\u0131&#8221; logosuna yer verildi. Logonun solunda 5 rakam\u0131, altta &#8220;T\u00fcrk liras\u0131&#8221; yaz\u0131s\u0131 ve yaz\u0131n\u0131n alt\u0131nda bas\u0131m y\u0131l\u0131na yer verildi.<\/p>\n\n\n\n<p>Arka y\u00fcz deseninde ise Cumhuriyet&#8217;in Kurucusu B\u00fcy\u00fck \u00d6nder Mustafa Kemal Atat\u00fcrk&#8217;\u00fcn r\u00f6lyefi ve \u00e7evresinde de &#8220;T\u00fcrkiye Cumhuriyeti&#8221; yaz\u0131s\u0131 yer ald\u0131.<\/p>\n\n\n\n<p>H\u00fck\u00fcmlerini, Hazine ve Maliye Bakan\u0131 y\u00fcr\u00fctece\u011fi tebli\u011f, yay\u0131m tarihinde y\u00fcr\u00fcrl\u00fc\u011fe girdi.<\/p>\n","protected":false},"excerpt":{"rendered":"<p>Resmi Gazete&#8217;de, 5 lira de\u011ferindeki madeni paralar\u0131n tedav\u00fcle \u00e7\u0131kar\u0131lmas\u0131na ili\u015fkin tebli\u011f yay\u0131mland\u0131. Madeni parada Atat\u00fcrk r\u00f6lyefi,&#46;&#46;&#46;<\/p>\n","protected":false},"author":2,"featured_media":15304,"comment_status":"open","ping_status":"open","sticky":false,"template":"","format":"standard","meta":{"inline_featured_image":false,"footnotes":""},"categories":[82],"tags":[4490,118,131,107],"manset":[],"class_list":["post-15302","post","type-post","status-publish","format-standard","has-post-thumbnail","hentry","category-gundem-haberleri","tag-5-tllik-madeni-para-tedavule-cikiyor","tag-sanliurfa","tag-son-dakika","tag-ub"],"_links":{"self":[{"href":"https:\/\/www.urfabugun.com\/index.php\/wp-json\/wp\/v2\/posts\/15302","targetHints":{"allow":["GET"]}}],"collection":[{"href":"https:\/\/www.urfabugun.com\/index.php\/wp-json\/wp\/v2\/posts"}],"about":[{"href":"https:\/\/www.urfabugun.com\/index.php\/wp-json\/wp\/v2\/types\/post"}],"author":[{"embeddable":true,"href":"https:\/\/www.urfabugun.com\/index.php\/wp-json\/wp\/v2\/users\/2"}],"replies":[{"embeddable":true,"href":"https:\/\/www.urfabugun.com\/index.php\/wp-json\/wp\/v2\/comments?post=15302"}],"version-history":[{"count":0,"href":"https:\/\/www.urfabugun.com\/index.php\/wp-json\/wp\/v2\/posts\/15302\/revisions"}],"wp:featuredmedia":[{"embeddable":true,"href":"https:\/\/www.urfabugun.com\/index.php\/wp-json\/wp\/v2\/media\/15304"}],"wp:attachment":[{"href":"https:\/\/www.urfabugun.com\/index.php\/wp-json\/wp\/v2\/media?parent=15302"}],"wp:term":[{"taxonomy":"category","embeddable":true,"href":"https:\/\/www.urfabugun.com\/index.php\/wp-json\/wp\/v2\/categories?post=15302"},{"taxonomy":"post_tag","embeddable":true,"href":"https:\/\/www.urfabugun.com\/index.php\/wp-json\/wp\/v2\/tags?post=15302"},{"taxonomy":"manset","embeddable":true,"href":"https:\/\/www.urfabugun.com\/index.php\/wp-json\/wp\/v2\/manset?post=15302"}],"curies":[{"name":"wp","href":"https:\/\/api.w.org\/{rel}","templated":true}]}}