{"id":15351,"date":"2024-06-10T14:37:11","date_gmt":"2024-06-10T11:37:11","guid":{"rendered":"https:\/\/www.urfabugun.com\/?p=15351"},"modified":"2024-06-10T14:37:18","modified_gmt":"2024-06-10T11:37:18","slug":"akcakalede-traktor-kullanilmaz-hale-geldi","status":"publish","type":"post","link":"https:\/\/www.urfabugun.com\/index.php\/2024\/06\/10\/akcakalede-traktor-kullanilmaz-hale-geldi\/","title":{"rendered":"Ak\u00e7akale\u2019de Trakt\u00f6r Kullan\u0131lmaz Hale Geldi!"},"content":{"rendered":"\n<p><\/p>\n\n\n\n<p><strong>\u015eanl\u0131urfa\u2019n\u0131n Ak\u00e7akale il\u00e7esinde alev alan trakt\u00f6r k\u00fcl y\u0131\u011f\u0131n\u0131na d\u00f6nd\u00fc.<\/strong><\/p>\n\n\n\n<p>Yang\u0131n Ak\u00e7akale il\u00e7esine ba\u011fl\u0131 k\u0131rsal B\u00fcy\u00fccek Mahallesinde meydana geldi. \u0130ddiaya g\u00f6re, Bir \u00e7ift\u00e7i tarlas\u0131nda bulunan samanlar\u0131 balya yapmak i\u00e7in trakt\u00f6r\u00fc ve arkas\u0131na ba\u011flad\u0131\u011f\u0131 balya yapma makinesiyle tarlaya geldi. \u00c7ift\u00e7i tarlada balya yapmaya ba\u015flad\u0131ktan k\u0131sa bir s\u00fcre sonra hen\u00fcz bilinmeyen bir nedenden dolay\u0131 trakt\u00f6rden dumanlar y\u00fckselmeye ba\u015flad\u0131.<\/p>\n\n\n\n<p>Durumu fark eden \u00e7ift\u00e7i hemen trakt\u00f6rden atlayarak oradan uzakla\u015ft\u0131.<\/p>\n\n\n\n<p>K\u0131sa s\u00fcrede alev topuna d\u00f6nerek yanmaya ba\u015flayan trakt\u00f6r, \u00e7evresindeki an\u0131zlar\u0131n da tutu\u015fmas\u0131na neden oldu.<\/p>\n\n\n\n<p>Alevler i\u00e7inde kalan trakt\u00f6r ve tarla adeta k\u00fcle d\u00f6nd\u00fc.<\/p>\n","protected":false},"excerpt":{"rendered":"<p>\u015eanl\u0131urfa\u2019n\u0131n Ak\u00e7akale il\u00e7esinde alev alan trakt\u00f6r k\u00fcl y\u0131\u011f\u0131n\u0131na d\u00f6nd\u00fc. Yang\u0131n Ak\u00e7akale il\u00e7esine ba\u011fl\u0131 k\u0131rsal B\u00fcy\u00fccek Mahallesinde&#46;&#46;&#46;<\/p>\n","protected":false},"author":2,"featured_media":15353,"comment_status":"open","ping_status":"open","sticky":false,"template":"","format":"standard","meta":{"inline_featured_image":false,"footnotes":""},"categories":[82],"tags":[4501,118,131,107],"manset":[],"class_list":["post-15351","post","type-post","status-publish","format-standard","has-post-thumbnail","hentry","category-gundem-haberleri","tag-akcakalede-traktor-kullanilmaz-hale-geldi","tag-sanliurfa","tag-son-dakika","tag-ub"],"_links":{"self":[{"href":"https:\/\/www.urfabugun.com\/index.php\/wp-json\/wp\/v2\/posts\/15351","targetHints":{"allow":["GET"]}}],"collection":[{"href":"https:\/\/www.urfabugun.com\/index.php\/wp-json\/wp\/v2\/posts"}],"about":[{"href":"https:\/\/www.urfabugun.com\/index.php\/wp-json\/wp\/v2\/types\/post"}],"author":[{"embeddable":true,"href":"https:\/\/www.urfabugun.com\/index.php\/wp-json\/wp\/v2\/users\/2"}],"replies":[{"embeddable":true,"href":"https:\/\/www.urfabugun.com\/index.php\/wp-json\/wp\/v2\/comments?post=15351"}],"version-history":[{"count":0,"href":"https:\/\/www.urfabugun.com\/index.php\/wp-json\/wp\/v2\/posts\/15351\/revisions"}],"wp:featuredmedia":[{"embeddable":true,"href":"https:\/\/www.urfabugun.com\/index.php\/wp-json\/wp\/v2\/media\/15353"}],"wp:attachment":[{"href":"https:\/\/www.urfabugun.com\/index.php\/wp-json\/wp\/v2\/media?parent=15351"}],"wp:term":[{"taxonomy":"category","embeddable":true,"href":"https:\/\/www.urfabugun.com\/index.php\/wp-json\/wp\/v2\/categories?post=15351"},{"taxonomy":"post_tag","embeddable":true,"href":"https:\/\/www.urfabugun.com\/index.php\/wp-json\/wp\/v2\/tags?post=15351"},{"taxonomy":"manset","embeddable":true,"href":"https:\/\/www.urfabugun.com\/index.php\/wp-json\/wp\/v2\/manset?post=15351"}],"curies":[{"name":"wp","href":"https:\/\/api.w.org\/{rel}","templated":true}]}}