{"id":15359,"date":"2024-06-11T09:59:09","date_gmt":"2024-06-11T06:59:09","guid":{"rendered":"https:\/\/www.urfabugun.com\/?p=15359"},"modified":"2024-06-11T09:59:15","modified_gmt":"2024-06-11T06:59:15","slug":"is-insani-fatih-bucaktan-samimi-aciklamalar","status":"publish","type":"post","link":"https:\/\/www.urfabugun.com\/index.php\/2024\/06\/11\/is-insani-fatih-bucaktan-samimi-aciklamalar\/","title":{"rendered":"\u0130\u015f \u0130nsan\u0131 Fatih Bucak&#8217;tan Samimi A\u00e7\u0131klamalar!"},"content":{"rendered":"\n<p><\/p>\n\n\n\n<p><strong>\u0130\u015f insan\u0131 Fatih Bucak, Haberler.com st\u00fcdyosunda Haberler.com&#8217;a \u00f6zel dikkat \u00e7eken a\u00e7\u0131klamalarda bulundu.<\/strong><\/p>\n\n\n\n<p>\u0130\u015f insan\u0131 Fatih Bucak, Haberler.com&#8217;a \u00f6zel, Susurluk Kazas\u0131&#8217;yla ilgili \u00f6nemli a\u00e7\u0131klamalarda bulundu. Bucak, &#8220;Sansasyonel haberler oldu, skandal oldu. Susurluk&#8217;la an\u0131lmak da k\u00f6t\u00fc bir \u015fey de\u011fil.&#8221; dedi.<\/p>\n\n\n\n<p><strong>&#8220;BUCAK A\u0130LES\u0130 SUSURLUK OLAYI \u0130LE ORTAYA \u00c7IKMADI&#8221;<\/strong><\/p>\n\n\n\n<p>Aralar\u0131nda akrabas\u0131 DYP \u015eanl\u0131urfa Milletvekili Sedat Edip Bucak&#8217;\u0131n da yer ald\u0131\u011f\u0131 Susurluk Kazas\u0131&#8217;na ili\u015fkin dikkat \u00e7eken a\u00e7\u0131klamalarda bulunan Bucak, &#8220;Bucak ailesi Susurluk olay\u0131 ile ortaya \u00e7\u0131kmad\u0131.<\/p>\n\n\n\n<figure class=\"wp-block-image size-full is-resized\"><img loading=\"lazy\" decoding=\"async\" width=\"640\" height=\"348\" src=\"https:\/\/www.urfabugun.com\/wp-content\/uploads\/2024\/06\/f-buck.png\" alt=\"\" class=\"wp-image-15362\" style=\"width:817px;height:auto\"\/><\/figure>\n\n\n\n<p>Bucak ailesi Cumhuriyet d\u00f6neminde vard\u0131r, \u015eeyh Said isyan\u0131nda vard\u0131r, 1960 Darbesi&#8217;nde vard\u0131r&#8230; Her zaman vard\u0131r. Mesela Abdullah \u00c7atl\u0131 ismi, Bucak olsun olmas\u0131n biz yokken var olmu\u015f bir insand\u0131. \u00dclk\u00fcc\u00fc hareketin bir lideridir. Abdullah abi hepimizin sevdi\u011fi bir insan.<\/p>\n\n\n\n<p>Bu kaza olunca, T\u00fcrkiye&#8217;nin o g\u00fcnk\u00fc \u015fartlar\u0131 da bunu biraz daha alevlendirdi. Bucak ailesi s\u00fcrg\u00fcnlerde olan bir ailedir. Biz bundan da gocunmuyoruz.&#8221; ifadelerini kulland\u0131.<\/p>\n\n\n\n<p><strong>&#8220;SUSURLUK&#8217;LA ANILMAK K\u00d6T\u00dc B\u0130R \u015eEY DE\u011e\u0130L&#8221;<\/strong><\/p>\n\n\n\n<p>Bucak, Susurluk olay\u0131n\u0131n kamuoyunda ses getirdi\u011fini ifade ederek, &#8220;Bir emniyet m\u00fcd\u00fcr\u00fcn\u00fcn bir de milletvekilinin bir arada olmas\u0131 tabi ki dikkatleri \u00fczerine \u00e7ekti. Sansasyonel haberler oldu, skandal oldu. Susurluk&#8217;la an\u0131lmak da k\u00f6t\u00fc bir \u015fey de\u011fil.&#8221; dedi.<\/p>\n\n\n\n<p><strong>&#8220;\u015eU ANK\u0130 A\u015e\u0130RET RE\u0130S\u0130M\u0130Z SEDAT ED\u0130P BUCAK&#8217;TIR&#8221;<\/strong><\/p>\n\n\n\n<p>A\u015firetlerine ili\u015fkin olarak da konu\u015fan Bucak, &#8220;Bizim a\u015firetimizin \u015fu anki reisi Sedat Edip Bucak&#8217;t\u0131r. A\u015firet liderli\u011fi maa\u015f\u0131, sosyal g\u00fcvencesi olan bir i\u015f de\u011fil. A\u015firet reisli\u011fi zor bir i\u015ftir, herkes yapamaz. A\u015firet liderli\u011finin getirdi\u011fi bir \u015fey yoktur, mallar m\u00fclkler vesaire yoktur.<\/p>\n\n\n\n<p>Herkes kendi ekonomisinde ba\u011f\u0131ms\u0131z ama ailenin \u00e7\u0131karlar\u0131 konusunda al\u0131nan kararlar\u0131 b\u00fcy\u00fc\u011f\u00fcn kontrol\u00fcnde oluyor.<\/p>\n\n\n\n<p>Yani asl\u0131nda \u00e7ok bir vebal ve y\u00fckt\u00fcr lider olmak. Adaletli, sab\u0131rl\u0131, sevgi dolu olmak zorundas\u0131n\u0131z. Ben bunu istemem de, olmaz da zaten.&#8221; ifadelerini kulland\u0131.<\/p>\n\n\n\n<p>Haberlercom<\/p>\n","protected":false},"excerpt":{"rendered":"<p>\u0130\u015f insan\u0131 Fatih Bucak, Haberler.com st\u00fcdyosunda Haberler.com&#8217;a \u00f6zel dikkat \u00e7eken a\u00e7\u0131klamalarda bulundu. \u0130\u015f insan\u0131 Fatih Bucak,&#46;&#46;&#46;<\/p>\n","protected":false},"author":2,"featured_media":15361,"comment_status":"open","ping_status":"open","sticky":false,"template":"","format":"standard","meta":{"inline_featured_image":false,"footnotes":""},"categories":[82],"tags":[4503,131,107],"manset":[],"class_list":["post-15359","post","type-post","status-publish","format-standard","has-post-thumbnail","hentry","category-gundem-haberleri","tag-is-insani-fatih-bucaktan-samimi-aciklamalar","tag-son-dakika","tag-ub"],"_links":{"self":[{"href":"https:\/\/www.urfabugun.com\/index.php\/wp-json\/wp\/v2\/posts\/15359","targetHints":{"allow":["GET"]}}],"collection":[{"href":"https:\/\/www.urfabugun.com\/index.php\/wp-json\/wp\/v2\/posts"}],"about":[{"href":"https:\/\/www.urfabugun.com\/index.php\/wp-json\/wp\/v2\/types\/post"}],"author":[{"embeddable":true,"href":"https:\/\/www.urfabugun.com\/index.php\/wp-json\/wp\/v2\/users\/2"}],"replies":[{"embeddable":true,"href":"https:\/\/www.urfabugun.com\/index.php\/wp-json\/wp\/v2\/comments?post=15359"}],"version-history":[{"count":0,"href":"https:\/\/www.urfabugun.com\/index.php\/wp-json\/wp\/v2\/posts\/15359\/revisions"}],"wp:featuredmedia":[{"embeddable":true,"href":"https:\/\/www.urfabugun.com\/index.php\/wp-json\/wp\/v2\/media\/15361"}],"wp:attachment":[{"href":"https:\/\/www.urfabugun.com\/index.php\/wp-json\/wp\/v2\/media?parent=15359"}],"wp:term":[{"taxonomy":"category","embeddable":true,"href":"https:\/\/www.urfabugun.com\/index.php\/wp-json\/wp\/v2\/categories?post=15359"},{"taxonomy":"post_tag","embeddable":true,"href":"https:\/\/www.urfabugun.com\/index.php\/wp-json\/wp\/v2\/tags?post=15359"},{"taxonomy":"manset","embeddable":true,"href":"https:\/\/www.urfabugun.com\/index.php\/wp-json\/wp\/v2\/manset?post=15359"}],"curies":[{"name":"wp","href":"https:\/\/api.w.org\/{rel}","templated":true}]}}