{"id":15397,"date":"2024-06-12T11:53:20","date_gmt":"2024-06-12T08:53:20","guid":{"rendered":"https:\/\/www.urfabugun.com\/?p=15397"},"modified":"2024-06-12T11:53:26","modified_gmt":"2024-06-12T08:53:26","slug":"bayram-oncesi-arac-sahiplerine-kotu-haber-akaryakita-buyuk-zam-geliyor","status":"publish","type":"post","link":"https:\/\/www.urfabugun.com\/index.php\/2024\/06\/12\/bayram-oncesi-arac-sahiplerine-kotu-haber-akaryakita-buyuk-zam-geliyor\/","title":{"rendered":"Bayram \u00d6ncesi Ara\u00e7 Sahiplerine K\u00f6t\u00fc Haber: Akaryak\u0131ta B\u00fcy\u00fck Zam Geliyor!"},"content":{"rendered":"\n<p><\/p>\n\n\n\n<p><strong>Brent petrol ve d\u00f6viz kurundaki de\u011fi\u015fiklerle beraber akaryak\u0131t fiyatlar\u0131 de\u011fi\u015fmeye devam ediyor. Kurban Bayram\u0131n\u0131n yakla\u015fmas\u0131yla tatil planlar\u0131 yapan ve memleketlerine gitmek i\u00e7in yola \u00e7\u0131kacaklara bayram \u00f6ncesi k\u00f6t\u00fc haber geldi.<\/strong><\/p>\n\n\n\n<p>9 g\u00fcnl\u00fck Kurban Bayram\u0131 tatilinin yakla\u015fmas\u0131yla tatil plan\u0131 ve memleketlerine gidecek s\u00fcr\u00fcc\u00fclere k\u00f6t\u00fc haber geldi.<\/p>\n\n\n\n<p>Brent petrol fiyatlar\u0131 ve d\u00f6viz kurundaki de\u011fi\u015fikliklerle beraber akaryak\u0131t fiyatlar\u0131 bir iniyor bir \u00e7\u0131k\u0131yor. Sekt\u00f6r kaynaklar\u0131ndan edinilen bilgilere g\u00f6re bu gece yar\u0131s\u0131ndan itibaren akaryak\u0131t fiyatlar\u0131 de\u011fi\u015fecek.<\/p>\n\n\n\n<p><strong>MOTOR\u0130NE ZAM YOLDA<\/strong><\/p>\n\n\n\n<p>Brent petrol fiyatlar\u0131 son \u00fc\u00e7 ay\u0131n zirvesini g\u00f6r\u00fcrken fiyatlar\u0131ndaki dalgalanma akaryak\u0131t fiyatlar\u0131n\u0131 da etkilemeye devam ediyor.<\/p>\n\n\n\n<p>Ge\u00e7ti\u011fimiz hafta yap\u0131lan benzin ve motorine indiriminin ard\u0131ndan bu kez de zam haberi geldi. Sekt\u00f6r kaynaklar\u0131ndan edinilen bilgilere g\u00f6re; akaryak\u0131tta fiyatlar bu gece yine de\u011fi\u015fecek.<\/p>\n\n\n\n<p>Bu gece yar\u0131s\u0131ndan itibaren ge\u00e7erli olmak \u00fczere motorinin litre fiyat\u0131na 1 lira 34 kuru\u015f zam gelecek, benzin fiyatlar\u0131nda ise de\u011fi\u015fim olmayacak.<\/p>\n","protected":false},"excerpt":{"rendered":"<p>Brent petrol ve d\u00f6viz kurundaki de\u011fi\u015fiklerle beraber akaryak\u0131t fiyatlar\u0131 de\u011fi\u015fmeye devam ediyor. Kurban Bayram\u0131n\u0131n yakla\u015fmas\u0131yla tatil&#46;&#46;&#46;<\/p>\n","protected":false},"author":2,"featured_media":15399,"comment_status":"open","ping_status":"open","sticky":false,"template":"","format":"standard","meta":{"inline_featured_image":false,"footnotes":""},"categories":[82,80],"tags":[4514,131,107],"manset":[],"class_list":["post-15397","post","type-post","status-publish","format-standard","has-post-thumbnail","hentry","category-gundem-haberleri","category-ekonomi-haberleri","tag-bayram-oncesi-arac-sahiplerine-kotu-haber-akaryakita-buyuk-zam-geliyor","tag-son-dakika","tag-ub"],"_links":{"self":[{"href":"https:\/\/www.urfabugun.com\/index.php\/wp-json\/wp\/v2\/posts\/15397","targetHints":{"allow":["GET"]}}],"collection":[{"href":"https:\/\/www.urfabugun.com\/index.php\/wp-json\/wp\/v2\/posts"}],"about":[{"href":"https:\/\/www.urfabugun.com\/index.php\/wp-json\/wp\/v2\/types\/post"}],"author":[{"embeddable":true,"href":"https:\/\/www.urfabugun.com\/index.php\/wp-json\/wp\/v2\/users\/2"}],"replies":[{"embeddable":true,"href":"https:\/\/www.urfabugun.com\/index.php\/wp-json\/wp\/v2\/comments?post=15397"}],"version-history":[{"count":0,"href":"https:\/\/www.urfabugun.com\/index.php\/wp-json\/wp\/v2\/posts\/15397\/revisions"}],"wp:featuredmedia":[{"embeddable":true,"href":"https:\/\/www.urfabugun.com\/index.php\/wp-json\/wp\/v2\/media\/15399"}],"wp:attachment":[{"href":"https:\/\/www.urfabugun.com\/index.php\/wp-json\/wp\/v2\/media?parent=15397"}],"wp:term":[{"taxonomy":"category","embeddable":true,"href":"https:\/\/www.urfabugun.com\/index.php\/wp-json\/wp\/v2\/categories?post=15397"},{"taxonomy":"post_tag","embeddable":true,"href":"https:\/\/www.urfabugun.com\/index.php\/wp-json\/wp\/v2\/tags?post=15397"},{"taxonomy":"manset","embeddable":true,"href":"https:\/\/www.urfabugun.com\/index.php\/wp-json\/wp\/v2\/manset?post=15397"}],"curies":[{"name":"wp","href":"https:\/\/api.w.org\/{rel}","templated":true}]}}