{"id":15437,"date":"2024-06-16T11:00:24","date_gmt":"2024-06-16T08:00:24","guid":{"rendered":"https:\/\/www.urfabugun.com\/?p=15437"},"modified":"2024-06-16T11:00:32","modified_gmt":"2024-06-16T08:00:32","slug":"tatilin-ilk-gunu-852-trafik-kazasi-meydana-geldi","status":"publish","type":"post","link":"https:\/\/www.urfabugun.com\/index.php\/2024\/06\/16\/tatilin-ilk-gunu-852-trafik-kazasi-meydana-geldi\/","title":{"rendered":"Tatilin \u0130lk G\u00fcn\u00fc 852 Trafik Kazas\u0131 Meydana Geldi!"},"content":{"rendered":"\n<p><\/p>\n\n\n\n<p><strong>\u0130\u00e7i\u015fleri Bakan\u0131 Ali Yerlikaya, 9 g\u00fcnl\u00fck Kurban Bayram\u0131 tatilinin ilk g\u00fcn\u00fcnde 852 trafik kazas\u0131 meydana geldi\u011fini, 5 ki\u015finin hayat\u0131n\u0131 kaybetti\u011fini, 1421 ki\u015finin yaraland\u0131\u011f\u0131n\u0131 duyurdu.<\/strong><\/p>\n\n\n\n<p>Bakan Yerlikaya, sosyal medya hesab\u0131ndan yapt\u0131\u011f\u0131 a\u00e7\u0131klamada, 9 g\u00fcnl\u00fck Kurban Bayram\u0131 tatilinde emniyet ve jandarma trafik ekiplerinin vatanda\u015flar\u0131n g\u00fcvenli\u011fi i\u00e7in gerekli \u00f6nlemleri ald\u0131\u011f\u0131n\u0131, denetimleri b\u00fcy\u00fck bir hassasiyetle s\u00fcrd\u00fcrd\u00fc\u011f\u00fcn\u00fc kaydetti.<\/p>\n\n\n\n<p>Yerlikaya, tatilin 1&#8217;inci g\u00fcn\u00fc olan 15 Haziran Cumartesi g\u00fcn\u00fc 852 trafik kazas\u0131 meydana geldi\u011fini, 5 ki\u015finin hayat\u0131n\u0131 kaybetti\u011fini, bin 421 ki\u015finin yaraland\u0131\u011f\u0131n\u0131 belirtti.<\/p>\n\n\n\n<p>Yerlikaya, ayr\u0131ca 407 bin 731 arac\u0131n denetlendi\u011fini, 24 bin 357 araca h\u0131z ve radar, 42 bin 720 araca ise \u00e7e\u015fitli eksikliklerden i\u015flem yap\u0131ld\u0131\u011f\u0131n\u0131 kaydetti.<\/p>\n\n\n\n<p><strong>&#8220;KEMER\u0130M\u0130Z\u0130 TAKALIM K\u0130 YOLUN SONU BAYRAM OLSUN&#8221;<\/strong><\/p>\n\n\n\n<p>Yerlikaya, &#8220;L\u00fctfen trafik kurallar\u0131na harfiyen uyal\u0131m, a\u015f\u0131r\u0131 h\u0131z yapmayal\u0131m. Ara\u00e7lar\u0131m\u0131zda da otob\u00fcslerde de emniyet kemeri takmay\u0131 ihmal etmeyelim. Yolculuklar sizleri sevdiklerinize kavu\u015fturmak i\u00e7in vard\u0131r, ay\u0131rmak i\u00e7in de\u011fil. Yolun sonu bayram olsun&#8221; ifadelerini kulland\u0131.<\/p>\n","protected":false},"excerpt":{"rendered":"<p>\u0130\u00e7i\u015fleri Bakan\u0131 Ali Yerlikaya, 9 g\u00fcnl\u00fck Kurban Bayram\u0131 tatilinin ilk g\u00fcn\u00fcnde 852 trafik kazas\u0131 meydana geldi\u011fini,&#46;&#46;&#46;<\/p>\n","protected":false},"author":2,"featured_media":13800,"comment_status":"open","ping_status":"open","sticky":false,"template":"","format":"standard","meta":{"inline_featured_image":false,"footnotes":""},"categories":[75],"tags":[1012,4531,118,131,107],"manset":[],"class_list":["post-15437","post","type-post","status-publish","format-standard","has-post-thumbnail","hentry","category-asayis-haberleri","tag-bayram","tag-bayramda-kaza","tag-sanliurfa","tag-son-dakika","tag-ub"],"_links":{"self":[{"href":"https:\/\/www.urfabugun.com\/index.php\/wp-json\/wp\/v2\/posts\/15437","targetHints":{"allow":["GET"]}}],"collection":[{"href":"https:\/\/www.urfabugun.com\/index.php\/wp-json\/wp\/v2\/posts"}],"about":[{"href":"https:\/\/www.urfabugun.com\/index.php\/wp-json\/wp\/v2\/types\/post"}],"author":[{"embeddable":true,"href":"https:\/\/www.urfabugun.com\/index.php\/wp-json\/wp\/v2\/users\/2"}],"replies":[{"embeddable":true,"href":"https:\/\/www.urfabugun.com\/index.php\/wp-json\/wp\/v2\/comments?post=15437"}],"version-history":[{"count":0,"href":"https:\/\/www.urfabugun.com\/index.php\/wp-json\/wp\/v2\/posts\/15437\/revisions"}],"wp:featuredmedia":[{"embeddable":true,"href":"https:\/\/www.urfabugun.com\/index.php\/wp-json\/wp\/v2\/media\/13800"}],"wp:attachment":[{"href":"https:\/\/www.urfabugun.com\/index.php\/wp-json\/wp\/v2\/media?parent=15437"}],"wp:term":[{"taxonomy":"category","embeddable":true,"href":"https:\/\/www.urfabugun.com\/index.php\/wp-json\/wp\/v2\/categories?post=15437"},{"taxonomy":"post_tag","embeddable":true,"href":"https:\/\/www.urfabugun.com\/index.php\/wp-json\/wp\/v2\/tags?post=15437"},{"taxonomy":"manset","embeddable":true,"href":"https:\/\/www.urfabugun.com\/index.php\/wp-json\/wp\/v2\/manset?post=15437"}],"curies":[{"name":"wp","href":"https:\/\/api.w.org\/{rel}","templated":true}]}}