{"id":15450,"date":"2024-06-15T10:51:20","date_gmt":"2024-06-15T07:51:20","guid":{"rendered":"https:\/\/www.urfabugun.com\/?p=15450"},"modified":"2024-06-15T10:51:28","modified_gmt":"2024-06-15T07:51:28","slug":"sanliurfada-bayram-namazi-saat-kacta-kilinacak-2","status":"publish","type":"post","link":"https:\/\/www.urfabugun.com\/index.php\/2024\/06\/15\/sanliurfada-bayram-namazi-saat-kacta-kilinacak-2\/","title":{"rendered":"\u015eanl\u0131urfa\u2019da Bayram Namaz\u0131 Saat Ka\u00e7ta K\u0131l\u0131nacak?"},"content":{"rendered":"\n<p><\/p>\n\n\n\n<p><strong>Kurban Bayram\u0131 16 Haziran, Pazar g\u00fcn\u00fc ba\u015fl\u0131yor. Diyanet \u0130\u015fleri Ba\u015fkanl\u0131\u011f\u0131, \u015eanl\u0131urfa i\u00e7in bayram namaz\u0131 saatini a\u00e7\u0131klad\u0131.<\/strong><\/p>\n\n\n\n<p>Kurban Bayram\u0131 16 Haziran, Pazar g\u00fcn\u00fc ba\u015fl\u0131yor. Diyanet \u0130\u015fleri Ba\u015fkanl\u0131\u011f\u0131, \u015eanl\u0131urfa i\u00e7in bayram namaz\u0131 saatini a\u00e7\u0131klad\u0131.<\/p>\n\n\n\n<p>Diyanet \u0130\u015fleri Ba\u015fkanl\u0131\u011f\u0131\u2019n\u0131n a\u00e7\u0131klamas\u0131na g\u00f6re; \u015eanl\u0131urfa\u2019da bayram namaz\u0131 saat 05:38\u2019de k\u0131l\u0131nacak.<\/p>\n","protected":false},"excerpt":{"rendered":"<p>Kurban Bayram\u0131 16 Haziran, Pazar g\u00fcn\u00fc ba\u015fl\u0131yor. Diyanet \u0130\u015fleri Ba\u015fkanl\u0131\u011f\u0131, \u015eanl\u0131urfa i\u00e7in bayram namaz\u0131 saatini a\u00e7\u0131klad\u0131.&#46;&#46;&#46;<\/p>\n","protected":false},"author":2,"featured_media":15452,"comment_status":"open","ping_status":"open","sticky":false,"template":"","format":"standard","meta":{"inline_featured_image":false,"footnotes":""},"categories":[82],"tags":[1198,118,4527,107],"manset":[],"class_list":["post-15450","post","type-post","status-publish","format-standard","has-post-thumbnail","hentry","category-gundem-haberleri","tag-kurban-bayrami","tag-sanliurfa","tag-sanliurfada-bayram-namazi-saat-kacta-kilinacak","tag-ub"],"_links":{"self":[{"href":"https:\/\/www.urfabugun.com\/index.php\/wp-json\/wp\/v2\/posts\/15450","targetHints":{"allow":["GET"]}}],"collection":[{"href":"https:\/\/www.urfabugun.com\/index.php\/wp-json\/wp\/v2\/posts"}],"about":[{"href":"https:\/\/www.urfabugun.com\/index.php\/wp-json\/wp\/v2\/types\/post"}],"author":[{"embeddable":true,"href":"https:\/\/www.urfabugun.com\/index.php\/wp-json\/wp\/v2\/users\/2"}],"replies":[{"embeddable":true,"href":"https:\/\/www.urfabugun.com\/index.php\/wp-json\/wp\/v2\/comments?post=15450"}],"version-history":[{"count":0,"href":"https:\/\/www.urfabugun.com\/index.php\/wp-json\/wp\/v2\/posts\/15450\/revisions"}],"wp:featuredmedia":[{"embeddable":true,"href":"https:\/\/www.urfabugun.com\/index.php\/wp-json\/wp\/v2\/media\/15452"}],"wp:attachment":[{"href":"https:\/\/www.urfabugun.com\/index.php\/wp-json\/wp\/v2\/media?parent=15450"}],"wp:term":[{"taxonomy":"category","embeddable":true,"href":"https:\/\/www.urfabugun.com\/index.php\/wp-json\/wp\/v2\/categories?post=15450"},{"taxonomy":"post_tag","embeddable":true,"href":"https:\/\/www.urfabugun.com\/index.php\/wp-json\/wp\/v2\/tags?post=15450"},{"taxonomy":"manset","embeddable":true,"href":"https:\/\/www.urfabugun.com\/index.php\/wp-json\/wp\/v2\/manset?post=15450"}],"curies":[{"name":"wp","href":"https:\/\/api.w.org\/{rel}","templated":true}]}}