{"id":15484,"date":"2024-06-20T08:16:29","date_gmt":"2024-06-20T05:16:29","guid":{"rendered":"https:\/\/www.urfabugun.com\/?p=15484"},"modified":"2024-06-20T08:16:35","modified_gmt":"2024-06-20T05:16:35","slug":"siverekte-40-donum-bugday-tarlasi-kule-dondu","status":"publish","type":"post","link":"https:\/\/www.urfabugun.com\/index.php\/2024\/06\/20\/siverekte-40-donum-bugday-tarlasi-kule-dondu\/","title":{"rendered":"Siverek\u2019te 40 D\u00f6n\u00fcm Bu\u011fday Tarlas\u0131 K\u00fcle D\u00f6nd\u00fc!"},"content":{"rendered":"\n<p><\/p>\n\n\n\n<p><strong>\u015eanl\u0131urfa\u2019n\u0131n Siverek il\u00e7esinde kopan elektrik tellerinden \u00e7\u0131kan k\u0131v\u0131lc\u0131mlar 40 d\u00f6n\u00fcm bu\u011fday tarlas\u0131n\u0131 k\u00fcle \u00e7evirdi.<\/strong><\/p>\n\n\n\n<p>Yang\u0131n, Siverek il\u00e7esi F\u0131rat Mahallesi\u2019nde meydana geldi. \u0130ddiaya g\u00f6re, ekili arazinin yan\u0131nda bulunan elektrik telleri koptu. Kopan tellerden \u00e7\u0131kan k\u0131v\u0131lc\u0131mlar yang\u0131n\u0131 neden oldu. \u00c7\u0131kan yang\u0131n bu\u011fday tarlas\u0131na s\u0131\u00e7rad\u0131.<\/p>\n\n\n\n<p>Bir anda alevlerin y\u00fckseldi\u011fini g\u00f6ren, vatanda\u015flar trakt\u00f6rlerle yang\u0131n\u0131 s\u00f6nd\u00fcrmeye \u00e7al\u0131\u015ft\u0131.&nbsp; Yang\u0131n b\u00fcy\u00fcy\u00fcnce itfaiye ekipleri sevk edildi.<\/p>\n\n\n\n<p>\u0130tfaiye ekiplerinin uzun s\u00fcren u\u011fra\u015flar\u0131 sonucu yang\u0131n kontrol alt\u0131na al\u0131n\u0131rken yakla\u015f\u0131k 40 d\u00f6n\u00fcml\u00fck bu\u011fday ekili tarla k\u00fcle d\u00f6nd\u00fc.<\/p>\n\n\n\n<p>Yang\u0131nla ilgili soru\u015fturma ba\u015flat\u0131ld\u0131.<\/p>\n","protected":false},"excerpt":{"rendered":"<p>\u015eanl\u0131urfa\u2019n\u0131n Siverek il\u00e7esinde kopan elektrik tellerinden \u00e7\u0131kan k\u0131v\u0131lc\u0131mlar 40 d\u00f6n\u00fcm bu\u011fday tarlas\u0131n\u0131 k\u00fcle \u00e7evirdi. Yang\u0131n, Siverek&#46;&#46;&#46;<\/p>\n","protected":false},"author":2,"featured_media":15486,"comment_status":"open","ping_status":"open","sticky":false,"template":"","format":"standard","meta":{"inline_featured_image":false,"footnotes":""},"categories":[75],"tags":[131,107],"manset":[],"class_list":["post-15484","post","type-post","status-publish","format-standard","has-post-thumbnail","hentry","category-asayis-haberleri","tag-son-dakika","tag-ub"],"_links":{"self":[{"href":"https:\/\/www.urfabugun.com\/index.php\/wp-json\/wp\/v2\/posts\/15484","targetHints":{"allow":["GET"]}}],"collection":[{"href":"https:\/\/www.urfabugun.com\/index.php\/wp-json\/wp\/v2\/posts"}],"about":[{"href":"https:\/\/www.urfabugun.com\/index.php\/wp-json\/wp\/v2\/types\/post"}],"author":[{"embeddable":true,"href":"https:\/\/www.urfabugun.com\/index.php\/wp-json\/wp\/v2\/users\/2"}],"replies":[{"embeddable":true,"href":"https:\/\/www.urfabugun.com\/index.php\/wp-json\/wp\/v2\/comments?post=15484"}],"version-history":[{"count":0,"href":"https:\/\/www.urfabugun.com\/index.php\/wp-json\/wp\/v2\/posts\/15484\/revisions"}],"wp:featuredmedia":[{"embeddable":true,"href":"https:\/\/www.urfabugun.com\/index.php\/wp-json\/wp\/v2\/media\/15486"}],"wp:attachment":[{"href":"https:\/\/www.urfabugun.com\/index.php\/wp-json\/wp\/v2\/media?parent=15484"}],"wp:term":[{"taxonomy":"category","embeddable":true,"href":"https:\/\/www.urfabugun.com\/index.php\/wp-json\/wp\/v2\/categories?post=15484"},{"taxonomy":"post_tag","embeddable":true,"href":"https:\/\/www.urfabugun.com\/index.php\/wp-json\/wp\/v2\/tags?post=15484"},{"taxonomy":"manset","embeddable":true,"href":"https:\/\/www.urfabugun.com\/index.php\/wp-json\/wp\/v2\/manset?post=15484"}],"curies":[{"name":"wp","href":"https:\/\/api.w.org\/{rel}","templated":true}]}}