{"id":15542,"date":"2024-06-23T23:04:30","date_gmt":"2024-06-23T20:04:30","guid":{"rendered":"https:\/\/www.urfabugun.com\/?p=15542"},"modified":"2024-06-23T23:04:37","modified_gmt":"2024-06-23T20:04:37","slug":"sanliurfada-5-katli-apartmanda-yangin-panigi","status":"publish","type":"post","link":"https:\/\/www.urfabugun.com\/index.php\/2024\/06\/23\/sanliurfada-5-katli-apartmanda-yangin-panigi\/","title":{"rendered":"\u015eanl\u0131urfa\u2019da 5 Katl\u0131 Apartmanda Yang\u0131n Pani\u011fi!"},"content":{"rendered":"\n<p><\/p>\n\n\n\n<p><strong>\u015eanl\u0131urfa\u2019n\u0131n Haliliye il\u00e7esinde 5 katl\u0131 bir binan\u0131n \u00e7at\u0131s\u0131nda \u00e7\u0131kan yang\u0131n mahallede b\u00fcy\u00fck pani\u011fe neden oldu.<\/strong><\/p>\n\n\n\n<p>Yang\u0131n itfaiye ekipleri taraf\u0131ndan s\u00f6nd\u00fcr\u00fcld\u00fc.<\/p>\n\n\n\n<p>Yang\u0131n, \u015eanl\u0131urfa\u2019n\u0131n Haliliye ilesinde ba\u011fl\u0131 Veysel Karani Mahallesi\u2019nde meydana geldi. \u0130ddiaya g\u00f6re, 5 katl\u0131 bir binan\u0131n \u00e7at\u0131s\u0131nda hen\u00fcz bilinmeyen bir nedenden dolay\u0131 tahtalar tutu\u015ftu.<\/p>\n\n\n\n<p>Yang\u0131n \u00e7evredeki binalarda b\u00fcy\u00fck korkuya neden oldu.<\/p>\n\n\n\n<p>Alevleri g\u00f6ren bina sakinlerin ihbar\u0131 \u00fczerine olay yerine itfaiye ekipleri sevk edildi.<\/p>\n\n\n\n<p>K\u0131sa s\u00fcrede olay yerine gelen ekipler \u00e7al\u0131\u015fma sonucu yang\u0131n ba\u015fka binalara sirayet etmeden kontrol alt\u0131na al\u0131nd\u0131.<\/p>\n\n\n\n<p>Yang\u0131n\u0131n \u00e7\u0131k\u0131\u015f sebebiyle ilgili \u00e7al\u0131\u015fma ba\u015flat\u0131ld\u0131.<\/p>\n\n\n\n<figure class=\"wp-block-video\"><video height=\"480\" style=\"aspect-ratio: 848 \/ 480;\" width=\"848\" controls src=\"https:\/\/www.urfabugun.com\/wp-content\/uploads\/2024\/06\/9760801c-cbec-49ab-94bb-e0453be23d8d.mov\"><\/video><\/figure>\n","protected":false},"excerpt":{"rendered":"<p>\u015eanl\u0131urfa\u2019n\u0131n Haliliye il\u00e7esinde 5 katl\u0131 bir binan\u0131n \u00e7at\u0131s\u0131nda \u00e7\u0131kan yang\u0131n mahallede b\u00fcy\u00fck pani\u011fe neden oldu. Yang\u0131n&#46;&#46;&#46;<\/p>\n","protected":false},"author":2,"featured_media":15544,"comment_status":"open","ping_status":"open","sticky":false,"template":"","format":"standard","meta":{"inline_featured_image":false,"footnotes":""},"categories":[1,75],"tags":[131,107,211],"manset":[],"class_list":["post-15542","post","type-post","status-publish","format-standard","has-post-thumbnail","hentry","category-genel","category-asayis-haberleri","tag-son-dakika","tag-ub","tag-yangin"],"_links":{"self":[{"href":"https:\/\/www.urfabugun.com\/index.php\/wp-json\/wp\/v2\/posts\/15542","targetHints":{"allow":["GET"]}}],"collection":[{"href":"https:\/\/www.urfabugun.com\/index.php\/wp-json\/wp\/v2\/posts"}],"about":[{"href":"https:\/\/www.urfabugun.com\/index.php\/wp-json\/wp\/v2\/types\/post"}],"author":[{"embeddable":true,"href":"https:\/\/www.urfabugun.com\/index.php\/wp-json\/wp\/v2\/users\/2"}],"replies":[{"embeddable":true,"href":"https:\/\/www.urfabugun.com\/index.php\/wp-json\/wp\/v2\/comments?post=15542"}],"version-history":[{"count":0,"href":"https:\/\/www.urfabugun.com\/index.php\/wp-json\/wp\/v2\/posts\/15542\/revisions"}],"wp:featuredmedia":[{"embeddable":true,"href":"https:\/\/www.urfabugun.com\/index.php\/wp-json\/wp\/v2\/media\/15544"}],"wp:attachment":[{"href":"https:\/\/www.urfabugun.com\/index.php\/wp-json\/wp\/v2\/media?parent=15542"}],"wp:term":[{"taxonomy":"category","embeddable":true,"href":"https:\/\/www.urfabugun.com\/index.php\/wp-json\/wp\/v2\/categories?post=15542"},{"taxonomy":"post_tag","embeddable":true,"href":"https:\/\/www.urfabugun.com\/index.php\/wp-json\/wp\/v2\/tags?post=15542"},{"taxonomy":"manset","embeddable":true,"href":"https:\/\/www.urfabugun.com\/index.php\/wp-json\/wp\/v2\/manset?post=15542"}],"curies":[{"name":"wp","href":"https:\/\/api.w.org\/{rel}","templated":true}]}}