{"id":15556,"date":"2024-06-24T13:45:35","date_gmt":"2024-06-24T10:45:35","guid":{"rendered":"https:\/\/www.urfabugun.com\/?p=15556"},"modified":"2024-06-24T13:45:42","modified_gmt":"2024-06-24T10:45:42","slug":"sanliurfa-buyuksehir-belediyesinde-yeni-daire-baskani","status":"publish","type":"post","link":"https:\/\/www.urfabugun.com\/index.php\/2024\/06\/24\/sanliurfa-buyuksehir-belediyesinde-yeni-daire-baskani\/","title":{"rendered":"\u015eanl\u0131urfa B\u00fcy\u00fck\u015fehir Belediyesinde Yeni Daire Ba\u015fkan\u0131!"},"content":{"rendered":"\n<p><\/p>\n\n\n\n<p><strong>\u015eanl\u0131urfa B\u00fcy\u00fck\u015fehir Belediyesi Bas\u0131n Yay\u0131n ve Halkla \u0130li\u015fkiler Daire Ba\u015fkanl\u0131\u011f\u0131na Re\u015fat Uzun\u2019un atand\u0131\u011f\u0131 \u00f6\u011frenildi.<\/strong><\/p>\n\n\n\n<p>Yakla\u015f\u0131k bir hafta \u00f6nce kulislerde istifa etti\u011fi s\u00f6ylenen, \u015eanl\u0131urfa B\u00fcy\u00fck\u015fehir Belediyesi Bas\u0131n Yay\u0131n ve Halkla \u0130li\u015fkiler Daire Ba\u015fkan\u0131 \u00d6mer Y\u0131lan, bug\u00fcn sosyal medya hesab\u0131ndan resmi a\u00e7\u0131klamay\u0131 yaparak g\u00f6revinden resmen ayr\u0131ld\u0131\u011f\u0131n\u0131 a\u00e7\u0131klad\u0131.<\/p>\n\n\n\n<p>Y\u0131lan\u0131n istifas\u0131ndan sonra yerine gelen isim de belli oldu.<\/p>\n\n\n\n<p>\u015eanl\u0131urfa B\u00fcy\u00fck\u015fehir Belediyesi Bas\u0131n Yay\u0131n ve Halkla \u0130li\u015fkiler Daire Ba\u015fkanl\u0131\u011f\u0131na, Birecik Belediye Ba\u015fkan Yard\u0131mc\u0131l\u0131\u011f\u0131 g\u00f6revini y\u00fcr\u00fcten Re\u015fat Uzun\u2019un atand\u0131\u011f\u0131 \u00f6\u011frenildi.<\/p>\n","protected":false},"excerpt":{"rendered":"<p>\u015eanl\u0131urfa B\u00fcy\u00fck\u015fehir Belediyesi Bas\u0131n Yay\u0131n ve Halkla \u0130li\u015fkiler Daire Ba\u015fkanl\u0131\u011f\u0131na Re\u015fat Uzun\u2019un atand\u0131\u011f\u0131 \u00f6\u011frenildi. Yakla\u015f\u0131k bir&#46;&#46;&#46;<\/p>\n","protected":false},"author":2,"featured_media":15558,"comment_status":"open","ping_status":"open","sticky":false,"template":"","format":"standard","meta":{"inline_featured_image":false,"footnotes":""},"categories":[82],"tags":[4555,118,4554,131,107],"manset":[],"class_list":["post-15556","post","type-post","status-publish","format-standard","has-post-thumbnail","hentry","category-gundem-haberleri","tag-resat-uzun","tag-sanliurfa","tag-sanliurfa-buyuksehir-belediyesinde-yeni-daire-baskani","tag-son-dakika","tag-ub"],"_links":{"self":[{"href":"https:\/\/www.urfabugun.com\/index.php\/wp-json\/wp\/v2\/posts\/15556","targetHints":{"allow":["GET"]}}],"collection":[{"href":"https:\/\/www.urfabugun.com\/index.php\/wp-json\/wp\/v2\/posts"}],"about":[{"href":"https:\/\/www.urfabugun.com\/index.php\/wp-json\/wp\/v2\/types\/post"}],"author":[{"embeddable":true,"href":"https:\/\/www.urfabugun.com\/index.php\/wp-json\/wp\/v2\/users\/2"}],"replies":[{"embeddable":true,"href":"https:\/\/www.urfabugun.com\/index.php\/wp-json\/wp\/v2\/comments?post=15556"}],"version-history":[{"count":0,"href":"https:\/\/www.urfabugun.com\/index.php\/wp-json\/wp\/v2\/posts\/15556\/revisions"}],"wp:featuredmedia":[{"embeddable":true,"href":"https:\/\/www.urfabugun.com\/index.php\/wp-json\/wp\/v2\/media\/15558"}],"wp:attachment":[{"href":"https:\/\/www.urfabugun.com\/index.php\/wp-json\/wp\/v2\/media?parent=15556"}],"wp:term":[{"taxonomy":"category","embeddable":true,"href":"https:\/\/www.urfabugun.com\/index.php\/wp-json\/wp\/v2\/categories?post=15556"},{"taxonomy":"post_tag","embeddable":true,"href":"https:\/\/www.urfabugun.com\/index.php\/wp-json\/wp\/v2\/tags?post=15556"},{"taxonomy":"manset","embeddable":true,"href":"https:\/\/www.urfabugun.com\/index.php\/wp-json\/wp\/v2\/manset?post=15556"}],"curies":[{"name":"wp","href":"https:\/\/api.w.org\/{rel}","templated":true}]}}