{"id":15560,"date":"2024-06-24T13:59:30","date_gmt":"2024-06-24T10:59:30","guid":{"rendered":"https:\/\/www.urfabugun.com\/?p=15560"},"modified":"2024-06-24T13:59:45","modified_gmt":"2024-06-24T10:59:45","slug":"sanliurfali-16-yasindaki-kayip-gencten-haber-alinamiyor","status":"publish","type":"post","link":"https:\/\/www.urfabugun.com\/index.php\/2024\/06\/24\/sanliurfali-16-yasindaki-kayip-gencten-haber-alinamiyor\/","title":{"rendered":"\u015eanl\u0131urfal\u0131 16 Ya\u015f\u0131ndaki Kay\u0131p Gen\u00e7ten Haber Al\u0131nam\u0131yor!"},"content":{"rendered":"\n<p><\/p>\n\n\n\n<p><strong>Ankara\u2019n\u0131n \u015eerefliko\u00e7hisar \u0130l\u00e7esine ba\u011fl\u0131 K\u00fc\u00e7\u00fckdamlac\u0131k Mahallesi\u2019nde ailesiyle birlikte mevsimlik tar\u0131m i\u015f\u00e7ili\u011fi yapan \u015eanl\u0131urfal\u0131 16 ya\u015f\u0131ndaki \u0130sa \u00c7it\u00e7i\u2019den d\u00fcnden beri haber al\u0131nam\u0131yor.<\/strong><\/p>\n\n\n\n<p>\u015eanl\u0131urfa son g\u00fcnlerde kay\u0131p \u00e7ocuklar ile g\u00fcndeme gelmeye ba\u015flad\u0131.<\/p>\n\n\n\n<p>\u015eanl\u0131urfa\u2019dan tar\u0131m i\u015f\u00e7ili\u011fi i\u00e7in Ankara\u2019n\u0131n \u015eerefliko\u00e7hisar \u0130l\u00e7esine ba\u011fl\u0131 K\u00fc\u00e7\u00fckdamlac\u0131k Mahallesi\u2019nde giden \u00c7ift\u00e7i ailesinden 16 ya\u015f\u0131ndaki \u0130sa \u00c7it\u00e7i\u2019den d\u00fcnden beri haber al\u0131nam\u0131yor.<\/p>\n\n\n\n<p>\u0130sa \u00c7ift\u00e7i&#8217;nin en son Ankara A\u015eT\u0130 Otogar\u0131 civar\u0131nda g\u00f6r\u00fcld\u00fc\u011f\u00fc belirtildi.<\/p>\n\n\n\n<p>\u0130sa \u00c7ift\u00e7i&#8217;yi g\u00f6renlerin, 0 539 370 33 52 numaral\u0131 cep numaras\u0131ndan baba \u0130brahim \u00c7ift\u00e7i\u2019ye ya da en yak\u0131n karakola bildirmeleri istendi.<\/p>\n","protected":false},"excerpt":{"rendered":"<p>Ankara\u2019n\u0131n \u015eerefliko\u00e7hisar \u0130l\u00e7esine ba\u011fl\u0131 K\u00fc\u00e7\u00fckdamlac\u0131k Mahallesi\u2019nde ailesiyle birlikte mevsimlik tar\u0131m i\u015f\u00e7ili\u011fi yapan \u015eanl\u0131urfal\u0131 16 ya\u015f\u0131ndaki \u0130sa&#46;&#46;&#46;<\/p>\n","protected":false},"author":2,"featured_media":15562,"comment_status":"open","ping_status":"open","sticky":false,"template":"","format":"standard","meta":{"inline_featured_image":false,"footnotes":""},"categories":[75],"tags":[118,4556,131,107,93],"manset":[],"class_list":["post-15560","post","type-post","status-publish","format-standard","has-post-thumbnail","hentry","category-asayis-haberleri","tag-sanliurfa","tag-sanliurfali-16-yasindaki-kayip-gencten-haber-alinamiyor","tag-son-dakika","tag-ub","tag-ust"],"_links":{"self":[{"href":"https:\/\/www.urfabugun.com\/index.php\/wp-json\/wp\/v2\/posts\/15560","targetHints":{"allow":["GET"]}}],"collection":[{"href":"https:\/\/www.urfabugun.com\/index.php\/wp-json\/wp\/v2\/posts"}],"about":[{"href":"https:\/\/www.urfabugun.com\/index.php\/wp-json\/wp\/v2\/types\/post"}],"author":[{"embeddable":true,"href":"https:\/\/www.urfabugun.com\/index.php\/wp-json\/wp\/v2\/users\/2"}],"replies":[{"embeddable":true,"href":"https:\/\/www.urfabugun.com\/index.php\/wp-json\/wp\/v2\/comments?post=15560"}],"version-history":[{"count":0,"href":"https:\/\/www.urfabugun.com\/index.php\/wp-json\/wp\/v2\/posts\/15560\/revisions"}],"wp:featuredmedia":[{"embeddable":true,"href":"https:\/\/www.urfabugun.com\/index.php\/wp-json\/wp\/v2\/media\/15562"}],"wp:attachment":[{"href":"https:\/\/www.urfabugun.com\/index.php\/wp-json\/wp\/v2\/media?parent=15560"}],"wp:term":[{"taxonomy":"category","embeddable":true,"href":"https:\/\/www.urfabugun.com\/index.php\/wp-json\/wp\/v2\/categories?post=15560"},{"taxonomy":"post_tag","embeddable":true,"href":"https:\/\/www.urfabugun.com\/index.php\/wp-json\/wp\/v2\/tags?post=15560"},{"taxonomy":"manset","embeddable":true,"href":"https:\/\/www.urfabugun.com\/index.php\/wp-json\/wp\/v2\/manset?post=15560"}],"curies":[{"name":"wp","href":"https:\/\/api.w.org\/{rel}","templated":true}]}}