{"id":15564,"date":"2024-06-24T18:32:16","date_gmt":"2024-06-24T15:32:16","guid":{"rendered":"https:\/\/www.urfabugun.com\/?p=15564"},"modified":"2024-06-24T18:32:23","modified_gmt":"2024-06-24T15:32:23","slug":"sanliurfa-sulama-kanalinda-erkek-ceset-bulundu","status":"publish","type":"post","link":"https:\/\/www.urfabugun.com\/index.php\/2024\/06\/24\/sanliurfa-sulama-kanalinda-erkek-ceset-bulundu\/","title":{"rendered":"\u015eanl\u0131urfa Sulama Kanal\u0131nda Erkek Ceset Bulundu!"},"content":{"rendered":"\n<p><\/p>\n\n\n\n<p><strong>\u015eanl\u0131urfa\u2019n\u0131n Haliliye il\u00e7esinde D\u0130S ait sulama kanal\u0131nda bir erkek cesedi bulundu.<\/strong><\/p>\n\n\n\n<p>Olay, \u015eanl\u0131urfa\u2019n\u0131n Haliliye il\u00e7esine ba\u011fl\u0131 K\u0131sas Mahallesi yak\u0131nlar\u0131nda meydana geldi. \u0130ddiaya g\u00f6re, sulama kanal\u0131n yan\u0131nda ge\u00e7en vatanda\u015flar\u0131 kanalda hareketsiz yatan birinin ihbar\u0131 \u00fczerine olay yerine sa\u011fl\u0131k, itfaiye, jandarma ve dalg\u0131\u00e7 polis ekipleri sevk edildi.<\/p>\n\n\n\n<p>Olay yerine gelen itfaiye ve dalg\u0131\u00e7 polis ekibi, cesedi kanaldan \u00e7\u0131kard\u0131.<\/p>\n\n\n\n<p>Sudan \u00e7\u0131kar\u0131lan ceset, buradaki incelemenin ard\u0131ndan otopsi i\u015flemleri i\u00e7in Adl\u0131 T\u0131p Kurumu morguna kald\u0131r\u0131ld\u0131.<\/p>\n\n\n\n<p>Cesedin kay\u0131p olan Suriyeli H.Y. oldu\u011funu d\u00fc\u015f\u00fcn\u00fcl\u00fcyor.<\/p>\n\n\n\n<p>Ceset adli t\u0131pta yap\u0131lacak otopsi sonras\u0131 ismi ve \u00f6l\u00fcm nedeni belli olaca\u011f\u0131 belirtildi.<\/p>\n","protected":false},"excerpt":{"rendered":"<p>\u015eanl\u0131urfa\u2019n\u0131n Haliliye il\u00e7esinde D\u0130S ait sulama kanal\u0131nda bir erkek cesedi bulundu. Olay, \u015eanl\u0131urfa\u2019n\u0131n Haliliye il\u00e7esine ba\u011fl\u0131&#46;&#46;&#46;<\/p>\n","protected":false},"author":2,"featured_media":15566,"comment_status":"open","ping_status":"open","sticky":false,"template":"","format":"standard","meta":{"inline_featured_image":false,"footnotes":""},"categories":[82,75],"tags":[118,4557,131,107],"manset":[],"class_list":["post-15564","post","type-post","status-publish","format-standard","has-post-thumbnail","hentry","category-gundem-haberleri","category-asayis-haberleri","tag-sanliurfa","tag-sanliurfa-sulama-kanalinda-erkek-ceset-bulundu","tag-son-dakika","tag-ub"],"_links":{"self":[{"href":"https:\/\/www.urfabugun.com\/index.php\/wp-json\/wp\/v2\/posts\/15564","targetHints":{"allow":["GET"]}}],"collection":[{"href":"https:\/\/www.urfabugun.com\/index.php\/wp-json\/wp\/v2\/posts"}],"about":[{"href":"https:\/\/www.urfabugun.com\/index.php\/wp-json\/wp\/v2\/types\/post"}],"author":[{"embeddable":true,"href":"https:\/\/www.urfabugun.com\/index.php\/wp-json\/wp\/v2\/users\/2"}],"replies":[{"embeddable":true,"href":"https:\/\/www.urfabugun.com\/index.php\/wp-json\/wp\/v2\/comments?post=15564"}],"version-history":[{"count":0,"href":"https:\/\/www.urfabugun.com\/index.php\/wp-json\/wp\/v2\/posts\/15564\/revisions"}],"wp:featuredmedia":[{"embeddable":true,"href":"https:\/\/www.urfabugun.com\/index.php\/wp-json\/wp\/v2\/media\/15566"}],"wp:attachment":[{"href":"https:\/\/www.urfabugun.com\/index.php\/wp-json\/wp\/v2\/media?parent=15564"}],"wp:term":[{"taxonomy":"category","embeddable":true,"href":"https:\/\/www.urfabugun.com\/index.php\/wp-json\/wp\/v2\/categories?post=15564"},{"taxonomy":"post_tag","embeddable":true,"href":"https:\/\/www.urfabugun.com\/index.php\/wp-json\/wp\/v2\/tags?post=15564"},{"taxonomy":"manset","embeddable":true,"href":"https:\/\/www.urfabugun.com\/index.php\/wp-json\/wp\/v2\/manset?post=15564"}],"curies":[{"name":"wp","href":"https:\/\/api.w.org\/{rel}","templated":true}]}}