{"id":15568,"date":"2024-06-24T19:04:52","date_gmt":"2024-06-24T16:04:52","guid":{"rendered":"https:\/\/www.urfabugun.com\/?p=15568"},"modified":"2024-06-24T19:05:03","modified_gmt":"2024-06-24T16:05:03","slug":"bedelli-askerlik-tutari-1-temmuzda-guncellenecek","status":"publish","type":"post","link":"https:\/\/www.urfabugun.com\/index.php\/2024\/06\/24\/bedelli-askerlik-tutari-1-temmuzda-guncellenecek\/","title":{"rendered":"Bedelli Askerlik Tutar\u0131 1 Temmuz&#8217;da G\u00fcncellenecek!"},"content":{"rendered":"\n<p><\/p>\n\n\n\n<p><strong>MSB, bedelli askerlik hizmetinden mevcut bedel tutar\u0131ndan yararlanmak isteyen y\u00fck\u00fcml\u00fclerin m\u00fcracaat ve \u00f6deme i\u015flemlerini 28 Haziran&#8217;a kadar tamamlamalar\u0131n\u0131n \u00f6nem arz etti\u011fini duyurdu.<\/strong><\/p>\n\n\n\n<p>Milli Savunma Bakanl\u0131\u011f\u0131ndan (MSB) yap\u0131lan a\u00e7\u0131klamada, \u015funlara yer verildi:<\/p>\n\n\n\n<p>&#8220;Bedelli askerlik hizmeti kapsam\u0131nda ge\u00e7erli olan bedel ve ek bedel tutar\u0131 Askeralma Kanunu gere\u011fince 1 Temmuz itibar\u0131yla memur ayl\u0131k katsay\u0131s\u0131na g\u00f6re g\u00fcncellenecektir.<\/p>\n\n\n\n<p>Mevcut bedel tutar\u0131 \u00fczerinden bedelli askerlik hizmetine m\u00fcracaat etmek isteyen y\u00fck\u00fcml\u00fclerin 28 Haziran&#8217;a kadar m\u00fcracaat ve \u00f6deme i\u015flemlerini tamamlamalar\u0131 \u00f6nem arz etmektedir&#8221;<\/p>\n","protected":false},"excerpt":{"rendered":"<p>MSB, bedelli askerlik hizmetinden mevcut bedel tutar\u0131ndan yararlanmak isteyen y\u00fck\u00fcml\u00fclerin m\u00fcracaat ve \u00f6deme i\u015flemlerini 28 Haziran&#8217;a&#46;&#46;&#46;<\/p>\n","protected":false},"author":2,"featured_media":15570,"comment_status":"open","ping_status":"open","sticky":false,"template":"","format":"standard","meta":{"inline_featured_image":false,"footnotes":""},"categories":[82],"tags":[4558,118,131,107],"manset":[],"class_list":["post-15568","post","type-post","status-publish","format-standard","has-post-thumbnail","hentry","category-gundem-haberleri","tag-bedelli-askerlik-tutari-1-temmuzda-guncellenecek","tag-sanliurfa","tag-son-dakika","tag-ub"],"_links":{"self":[{"href":"https:\/\/www.urfabugun.com\/index.php\/wp-json\/wp\/v2\/posts\/15568","targetHints":{"allow":["GET"]}}],"collection":[{"href":"https:\/\/www.urfabugun.com\/index.php\/wp-json\/wp\/v2\/posts"}],"about":[{"href":"https:\/\/www.urfabugun.com\/index.php\/wp-json\/wp\/v2\/types\/post"}],"author":[{"embeddable":true,"href":"https:\/\/www.urfabugun.com\/index.php\/wp-json\/wp\/v2\/users\/2"}],"replies":[{"embeddable":true,"href":"https:\/\/www.urfabugun.com\/index.php\/wp-json\/wp\/v2\/comments?post=15568"}],"version-history":[{"count":0,"href":"https:\/\/www.urfabugun.com\/index.php\/wp-json\/wp\/v2\/posts\/15568\/revisions"}],"wp:featuredmedia":[{"embeddable":true,"href":"https:\/\/www.urfabugun.com\/index.php\/wp-json\/wp\/v2\/media\/15570"}],"wp:attachment":[{"href":"https:\/\/www.urfabugun.com\/index.php\/wp-json\/wp\/v2\/media?parent=15568"}],"wp:term":[{"taxonomy":"category","embeddable":true,"href":"https:\/\/www.urfabugun.com\/index.php\/wp-json\/wp\/v2\/categories?post=15568"},{"taxonomy":"post_tag","embeddable":true,"href":"https:\/\/www.urfabugun.com\/index.php\/wp-json\/wp\/v2\/tags?post=15568"},{"taxonomy":"manset","embeddable":true,"href":"https:\/\/www.urfabugun.com\/index.php\/wp-json\/wp\/v2\/manset?post=15568"}],"curies":[{"name":"wp","href":"https:\/\/api.w.org\/{rel}","templated":true}]}}