{"id":15602,"date":"2024-06-26T12:39:37","date_gmt":"2024-06-26T09:39:37","guid":{"rendered":"https:\/\/www.urfabugun.com\/?p=15602"},"modified":"2024-06-26T12:39:44","modified_gmt":"2024-06-26T09:39:44","slug":"sanliurfada-toplu-tasima-araclarina-klima-denetimi","status":"publish","type":"post","link":"https:\/\/www.urfabugun.com\/index.php\/2024\/06\/26\/sanliurfada-toplu-tasima-araclarina-klima-denetimi\/","title":{"rendered":"\u015eanl\u0131urfa\u2019da Toplu Ta\u015f\u0131ma Ara\u00e7lar\u0131na Klima Denetimi!"},"content":{"rendered":"\n<p><\/p>\n\n\n\n<p><strong>\u015eanl\u0131urfa B\u00fcy\u00fck\u015fehir Belediyesi Zab\u0131ta Dairesi Ba\u015fkanl\u0131\u011f\u0131, kentte hizmet veren \u015fehir i\u00e7i ula\u015f\u0131m ara\u00e7lar\u0131nda \u201cklima\u201d denetimi yapt\u0131.<\/strong><\/p>\n\n\n\n<p>Hava s\u0131cakl\u0131\u011f\u0131n\u0131n artt\u0131\u011f\u0131 \u015eanl\u0131urfa\u2019da vatanda\u015flar\u0131n \u015fehir i\u00e7i ula\u015f\u0131mda sa\u011fl\u0131\u011f\u0131n\u0131 ve refah\u0131n\u0131 d\u00fc\u015f\u00fcnen \u015eanl\u0131urfa B\u00fcy\u00fck\u015fehir Belediyesi, toplu ta\u015f\u0131ma ara\u00e7lar\u0131nda klima denetimi ger\u00e7ekle\u015ftirdi.<\/p>\n\n\n\n<p>\u015eanl\u0131urfa B\u00fcy\u00fck\u015fehir Belediyesi Zab\u0131ta Dairesi Ba\u015fkanl\u0131\u011f\u0131 Trafik Zab\u0131ta M\u00fcd\u00fcrl\u00fc\u011f\u00fc ekipleri, kentin farkl\u0131 noktalar\u0131nda yapt\u0131klar\u0131 denetimlerde \u015fehir i\u00e7i \u00f6zel halk otob\u00fcsleri ve belediyeye ait otob\u00fcslerde klimalar\u0131 denetledi.<\/p>\n\n\n\n<p>Otob\u00fcslerin i\u00e7ine girerek \u015fof\u00f6rleri klima konusunda uyaran ekipler, klimalar\u0131n \u00e7al\u0131\u015f\u0131p \u00e7al\u0131\u015fmad\u0131\u011f\u0131n\u0131 da kontrol etti.<\/p>\n\n\n\n<p>\u015eanl\u0131urfa genelinde denetimlerini s\u00fcrd\u00fcren zab\u0131ta ekipleri, toplu ta\u015f\u0131ma arac\u0131nda seyahat eden vatanda\u015flar\u0131, klimas\u0131n\u0131 \u00e7al\u0131\u015ft\u0131rmayan veya kurallara riayet etmeyen toplu ta\u015f\u0131ma arac\u0131n\u0131n plaka, tarih ve saat bilgilerini ALO 153 ileti\u015fim merkezine iletmelerini istedi.<\/p>\n\n\n\n<p>Zab\u0131ta ekipleri, Kent genelinde \u015fehir i\u00e7i ula\u015f\u0131m ara\u00e7lar\u0131na y\u00f6nelik klima denetimlerini s\u00fcrd\u00fcr\u00fcyor.<\/p>\n","protected":false},"excerpt":{"rendered":"<p>\u015eanl\u0131urfa B\u00fcy\u00fck\u015fehir Belediyesi Zab\u0131ta Dairesi Ba\u015fkanl\u0131\u011f\u0131, kentte hizmet veren \u015fehir i\u00e7i ula\u015f\u0131m ara\u00e7lar\u0131nda \u201cklima\u201d denetimi yapt\u0131.&#46;&#46;&#46;<\/p>\n","protected":false},"author":2,"featured_media":15604,"comment_status":"open","ping_status":"open","sticky":false,"template":"","format":"standard","meta":{"inline_featured_image":false,"footnotes":""},"categories":[82],"tags":[118,4564,131,107,93],"manset":[],"class_list":["post-15602","post","type-post","status-publish","format-standard","has-post-thumbnail","hentry","category-gundem-haberleri","tag-sanliurfa","tag-sanliurfada-toplu-tasima-araclarina-klima-denetimi","tag-son-dakika","tag-ub","tag-ust"],"_links":{"self":[{"href":"https:\/\/www.urfabugun.com\/index.php\/wp-json\/wp\/v2\/posts\/15602","targetHints":{"allow":["GET"]}}],"collection":[{"href":"https:\/\/www.urfabugun.com\/index.php\/wp-json\/wp\/v2\/posts"}],"about":[{"href":"https:\/\/www.urfabugun.com\/index.php\/wp-json\/wp\/v2\/types\/post"}],"author":[{"embeddable":true,"href":"https:\/\/www.urfabugun.com\/index.php\/wp-json\/wp\/v2\/users\/2"}],"replies":[{"embeddable":true,"href":"https:\/\/www.urfabugun.com\/index.php\/wp-json\/wp\/v2\/comments?post=15602"}],"version-history":[{"count":0,"href":"https:\/\/www.urfabugun.com\/index.php\/wp-json\/wp\/v2\/posts\/15602\/revisions"}],"wp:featuredmedia":[{"embeddable":true,"href":"https:\/\/www.urfabugun.com\/index.php\/wp-json\/wp\/v2\/media\/15604"}],"wp:attachment":[{"href":"https:\/\/www.urfabugun.com\/index.php\/wp-json\/wp\/v2\/media?parent=15602"}],"wp:term":[{"taxonomy":"category","embeddable":true,"href":"https:\/\/www.urfabugun.com\/index.php\/wp-json\/wp\/v2\/categories?post=15602"},{"taxonomy":"post_tag","embeddable":true,"href":"https:\/\/www.urfabugun.com\/index.php\/wp-json\/wp\/v2\/tags?post=15602"},{"taxonomy":"manset","embeddable":true,"href":"https:\/\/www.urfabugun.com\/index.php\/wp-json\/wp\/v2\/manset?post=15602"}],"curies":[{"name":"wp","href":"https:\/\/api.w.org\/{rel}","templated":true}]}}