{"id":15609,"date":"2024-06-26T17:40:28","date_gmt":"2024-06-26T14:40:28","guid":{"rendered":"https:\/\/www.urfabugun.com\/?p=15609"},"modified":"2024-06-26T17:40:36","modified_gmt":"2024-06-26T14:40:36","slug":"sanliurfada-elektrik-akimina-kapilan-26-yasindaki-kadin-hayatini-kaybetti","status":"publish","type":"post","link":"https:\/\/www.urfabugun.com\/index.php\/2024\/06\/26\/sanliurfada-elektrik-akimina-kapilan-26-yasindaki-kadin-hayatini-kaybetti\/","title":{"rendered":"\u015eanl\u0131urfada Elektrik Ak\u0131m\u0131na Kap\u0131lan 26 Ya\u015f\u0131ndaki Kad\u0131n Hayat\u0131n\u0131 Kaybetti!"},"content":{"rendered":"\n<p><\/p>\n\n\n\n<p><strong>\u015eanl\u0131urfa\u2019n\u0131n Birecik il\u00e7esinde elektrik ak\u0131m\u0131na kap\u0131lan 26 ya\u015f\u0131ndaki kad\u0131n hayat\u0131n\u0131 kaybetti.<\/strong><\/p>\n\n\n\n<p>Olay, \u015eanl\u0131urfa&#8217;n\u0131n Birecik il\u00e7esine ba\u011fl\u0131 Arslanl\u0131 Mahallesi\u2019nde meydana geldi. \u0130ddiaya g\u00f6re, evinde mutfakta yemek haz\u0131rlayan 4 \u00e7ocuk annesi Ceylan Y.(26) elektrik ak\u0131ma kap\u0131larak a\u011f\u0131r yaraland\u0131.<\/p>\n\n\n\n<p>Gen\u00e7 anne mahalleli taraf\u0131ndan Birecik Devlet Hastanesine kald\u0131r\u0131ld\u0131.<\/p>\n\n\n\n<p>Hastanede yap\u0131lan t\u00fcm m\u00fcdahaleye ra\u011fmen gen\u00e7 anne kurtulmayarak hayat\u0131n\u0131 kaybetti<\/p>\n\n\n\n<p>Kad\u0131n\u0131n cans\u0131z bedeni otopsi yap\u0131lmak \u00fczere adli t\u0131p kurumuna kald\u0131r\u0131ld\u0131.<\/p>\n\n\n\n<p>Jandarma olayla ilgili soru\u015fturma ba\u015flatt\u0131.<\/p>\n","protected":false},"excerpt":{"rendered":"<p>\u015eanl\u0131urfa\u2019n\u0131n Birecik il\u00e7esinde elektrik ak\u0131m\u0131na kap\u0131lan 26 ya\u015f\u0131ndaki kad\u0131n hayat\u0131n\u0131 kaybetti. Olay, \u015eanl\u0131urfa&#8217;n\u0131n Birecik il\u00e7esine ba\u011fl\u0131&#46;&#46;&#46;<\/p>\n","protected":false},"author":2,"featured_media":15611,"comment_status":"open","ping_status":"open","sticky":false,"template":"","format":"standard","meta":{"inline_featured_image":false,"footnotes":""},"categories":[75],"tags":[118,4566,107],"manset":[],"class_list":["post-15609","post","type-post","status-publish","format-standard","has-post-thumbnail","hentry","category-asayis-haberleri","tag-sanliurfa","tag-sanliurfada-elektrik-akimina-kapilan-26-yasindaki-kadinn-hayatini-kaybetti","tag-ub"],"_links":{"self":[{"href":"https:\/\/www.urfabugun.com\/index.php\/wp-json\/wp\/v2\/posts\/15609","targetHints":{"allow":["GET"]}}],"collection":[{"href":"https:\/\/www.urfabugun.com\/index.php\/wp-json\/wp\/v2\/posts"}],"about":[{"href":"https:\/\/www.urfabugun.com\/index.php\/wp-json\/wp\/v2\/types\/post"}],"author":[{"embeddable":true,"href":"https:\/\/www.urfabugun.com\/index.php\/wp-json\/wp\/v2\/users\/2"}],"replies":[{"embeddable":true,"href":"https:\/\/www.urfabugun.com\/index.php\/wp-json\/wp\/v2\/comments?post=15609"}],"version-history":[{"count":0,"href":"https:\/\/www.urfabugun.com\/index.php\/wp-json\/wp\/v2\/posts\/15609\/revisions"}],"wp:featuredmedia":[{"embeddable":true,"href":"https:\/\/www.urfabugun.com\/index.php\/wp-json\/wp\/v2\/media\/15611"}],"wp:attachment":[{"href":"https:\/\/www.urfabugun.com\/index.php\/wp-json\/wp\/v2\/media?parent=15609"}],"wp:term":[{"taxonomy":"category","embeddable":true,"href":"https:\/\/www.urfabugun.com\/index.php\/wp-json\/wp\/v2\/categories?post=15609"},{"taxonomy":"post_tag","embeddable":true,"href":"https:\/\/www.urfabugun.com\/index.php\/wp-json\/wp\/v2\/tags?post=15609"},{"taxonomy":"manset","embeddable":true,"href":"https:\/\/www.urfabugun.com\/index.php\/wp-json\/wp\/v2\/manset?post=15609"}],"curies":[{"name":"wp","href":"https:\/\/api.w.org\/{rel}","templated":true}]}}