{"id":1564,"date":"2023-01-13T21:59:12","date_gmt":"2023-01-13T18:59:12","guid":{"rendered":"https:\/\/www.urfabugun.com\/?p=1564"},"modified":"2023-01-14T07:40:11","modified_gmt":"2023-01-14T04:40:11","slug":"dis-ticaret-hacmi-1-milyar-dolari-yakaladi","status":"publish","type":"post","link":"https:\/\/www.urfabugun.com\/index.php\/2023\/01\/13\/dis-ticaret-hacmi-1-milyar-dolari-yakaladi\/","title":{"rendered":"Di\u015f Ticaret Hacmi 1 Milyar Dolar\u0131 Yakalad\u0131!"},"content":{"rendered":"\n<p><strong>T\u00fcrkiye-K\u0131rg\u0131zistan d\u0131\u015f ticaret hacmi 1 milyar dolar\u0131 yakalad\u0131ABONE OLT\u00fcrkiye&#8217;nin Bi\u015fkek B\u00fcy\u00fckel\u00e7isi Ahmet Sad\u0131k Do\u011fan, T\u00fcrkiye ile K\u0131rg\u0131zistan aras\u0131ndaki d\u0131\u015f ticaret hacminin 1 milyar dolar\u0131 yakalad\u0131\u011f\u0131n\u0131 s\u00f6yledi.<br><\/strong>K\u0131rg\u0131zistan&#8217;\u0131n ba\u015fkenti Bi\u015fkek&#8217;te, M\u00fcstakil Sanayici ve \u0130\u015fadamlar\u0131 Derne\u011fi&#8217;nin (M\u00dcS\u0130AD) K\u0131rg\u0131zistan \u015fubesinin resmi a\u00e7\u0131l\u0131\u015f\u0131 m\u00fcnasebetiyle gala program\u0131 d\u00fczenlendi.<br>B\u00fcy\u00fckel\u00e7i Ahmet Sad\u0131k Do\u011fan, burada yapt\u0131\u011f\u0131 konu\u015fmada, her alanda geli\u015fen T\u00fcrkiye ile K\u0131rg\u0131zistan ili\u015fkilerinde ticaret ve yat\u0131r\u0131m\u0131n \u00f6nemine de\u011findi.<br>Ticari ili\u015fkilerde son birka\u00e7 y\u0131lda \u00e7ok \u00f6nemli bir mesafe kat edildi\u011fini kaydeden Do\u011fan, &#8220;2022 y\u0131l\u0131nda 11 ayl\u0131k d\u00f6nemde 950 milyon dolar seviyesini yakalayan ticaret hacmimiz ile y\u0131l sonu verilerine g\u00f6re bizler 1 milyar dolar\u0131 yakalad\u0131\u011f\u0131m\u0131z d\u00fc\u015f\u00fcncesindeyiz.&#8221; dedi.<\/p>\n","protected":false},"excerpt":{"rendered":"<p>T\u00fcrkiye-K\u0131rg\u0131zistan d\u0131\u015f ticaret hacmi 1 milyar dolar\u0131 yakalad\u0131ABONE OLT\u00fcrkiye&#8217;nin Bi\u015fkek B\u00fcy\u00fckel\u00e7isi Ahmet Sad\u0131k Do\u011fan, T\u00fcrkiye ile&#46;&#46;&#46;<\/p>\n","protected":false},"author":2,"featured_media":1566,"comment_status":"open","ping_status":"open","sticky":false,"template":"","format":"standard","meta":{"inline_featured_image":false,"footnotes":""},"categories":[90],"tags":[146,107],"manset":[],"class_list":["post-1564","post","type-post","status-publish","format-standard","has-post-thumbnail","hentry","category-turkiye-haberleri","tag-turkiye","tag-ub"],"_links":{"self":[{"href":"https:\/\/www.urfabugun.com\/index.php\/wp-json\/wp\/v2\/posts\/1564","targetHints":{"allow":["GET"]}}],"collection":[{"href":"https:\/\/www.urfabugun.com\/index.php\/wp-json\/wp\/v2\/posts"}],"about":[{"href":"https:\/\/www.urfabugun.com\/index.php\/wp-json\/wp\/v2\/types\/post"}],"author":[{"embeddable":true,"href":"https:\/\/www.urfabugun.com\/index.php\/wp-json\/wp\/v2\/users\/2"}],"replies":[{"embeddable":true,"href":"https:\/\/www.urfabugun.com\/index.php\/wp-json\/wp\/v2\/comments?post=1564"}],"version-history":[{"count":0,"href":"https:\/\/www.urfabugun.com\/index.php\/wp-json\/wp\/v2\/posts\/1564\/revisions"}],"wp:featuredmedia":[{"embeddable":true,"href":"https:\/\/www.urfabugun.com\/index.php\/wp-json\/wp\/v2\/media\/1566"}],"wp:attachment":[{"href":"https:\/\/www.urfabugun.com\/index.php\/wp-json\/wp\/v2\/media?parent=1564"}],"wp:term":[{"taxonomy":"category","embeddable":true,"href":"https:\/\/www.urfabugun.com\/index.php\/wp-json\/wp\/v2\/categories?post=1564"},{"taxonomy":"post_tag","embeddable":true,"href":"https:\/\/www.urfabugun.com\/index.php\/wp-json\/wp\/v2\/tags?post=1564"},{"taxonomy":"manset","embeddable":true,"href":"https:\/\/www.urfabugun.com\/index.php\/wp-json\/wp\/v2\/manset?post=1564"}],"curies":[{"name":"wp","href":"https:\/\/api.w.org\/{rel}","templated":true}]}}