{"id":15653,"date":"2024-06-28T10:35:27","date_gmt":"2024-06-28T07:35:27","guid":{"rendered":"https:\/\/www.urfabugun.com\/?p=15653"},"modified":"2024-06-28T10:35:34","modified_gmt":"2024-06-28T07:35:34","slug":"lgs-sonuclari-aciklandi","status":"publish","type":"post","link":"https:\/\/www.urfabugun.com\/index.php\/2024\/06\/28\/lgs-sonuclari-aciklandi\/","title":{"rendered":"LGS Sonu\u00e7lar\u0131 A\u00e7\u0131kland\u0131!"},"content":{"rendered":"\n<p><\/p>\n\n\n\n<p><strong>LGS kapsam\u0131ndaki merkezi s\u0131nav sonu\u00e7lar\u0131, &#8220;https:\/\/www.meb.gov.tr&#8221; adresinden a\u00e7\u0131kland\u0131.<\/strong><\/p>\n\n\n\n<p>Milli E\u011fitim Bakanl\u0131\u011f\u0131ndan yap\u0131lan yaz\u0131l\u0131 a\u00e7\u0131klamaya g\u00f6re, 2 Haziran&#8217;da iki oturum halinde yap\u0131lan s\u0131nav, 973 yurt i\u00e7i s\u0131nav merkezinde, 3 bin 891 okuldaki 62 bin 663 salonda, yurt d\u0131\u015f\u0131nda ise 11 s\u0131nav merkezinde, 11 okuldaki 35 salonda ger\u00e7ekle\u015ftirildi.<\/p>\n\n\n\n<p>S\u0131nav\u0131n birinci oturumunda \u00f6\u011frencilere s\u00f6zel alanda T\u00fcrk\u00e7e, T.C. \u0130nk\u0131lap tarihi ve Atat\u00fcrk\u00e7\u00fcl\u00fck, din k\u00fclt\u00fcr\u00fc ve ahlak bilgisiyle yabanc\u0131 dil derslerinden toplam 50 soru soruldu. S\u0131nav\u0131n ikinci oturumunda ise \u00f6\u011frencilere matematik ve fen bilimlerinden toplam 40 soru y\u00f6neltildi.<\/p>\n\n\n\n<p>S\u0131nava kat\u0131l\u0131m oran\u0131 y\u00fczde 95,61<br>Bu y\u0131l LGS merkezi s\u0131nav\u0131na ba\u015fvuran 1 milyon 38 bin 544 \u00f6\u011frencinin 992 bin 906&#8217;s\u0131 s\u0131nava kat\u0131ld\u0131, s\u0131nava kat\u0131l\u0131m oran\u0131 y\u00fczde 95,61 olarak ger\u00e7ekle\u015fti.<\/p>\n\n\n\n<p>LGS yerle\u015ftirme k\u0131lavuzuna g\u00f6re, bu y\u0131l T\u00fcrkiye genelinde 2 bin 525 liseye merkezi s\u0131nav puan\u0131na g\u00f6re \u00f6\u011frenci yerle\u015ftirilecek. Bu okullar\u0131n kontenjan\u0131 da 203 bin 638 \u00f6\u011frenci olarak belirlendi.<\/p>\n\n\n\n<p>Tercih s\u00fcreci ba\u015flad\u0131<br>\u00d6te yandan, LGS kapsam\u0131nda yap\u0131lacak lise tercih s\u00fcreci de bug\u00fcn ba\u015flat\u0131ld\u0131. Lise tercihleri, 17 Temmuz \u00c7ar\u015famba saat 17.00&#8217;ye kadar devam edecek.<\/p>\n\n\n\n<p>LGS yerle\u015ftirme sonu\u00e7lar\u0131 ise 22 Temmuz&#8217;da a\u00e7\u0131klanacak.<\/p>\n","protected":false},"excerpt":{"rendered":"<p>LGS kapsam\u0131ndaki merkezi s\u0131nav sonu\u00e7lar\u0131, &#8220;https:\/\/www.meb.gov.tr&#8221; adresinden a\u00e7\u0131kland\u0131. Milli E\u011fitim Bakanl\u0131\u011f\u0131ndan yap\u0131lan yaz\u0131l\u0131 a\u00e7\u0131klamaya g\u00f6re, 2&#46;&#46;&#46;<\/p>\n","protected":false},"author":2,"featured_media":15655,"comment_status":"open","ping_status":"open","sticky":false,"template":"","format":"standard","meta":{"inline_featured_image":false,"footnotes":""},"categories":[79],"tags":[4578,118,131,107],"manset":[],"class_list":["post-15653","post","type-post","status-publish","format-standard","has-post-thumbnail","hentry","category-egitim-haberleri","tag-lgs-sonuclari-aciklandi","tag-sanliurfa","tag-son-dakika","tag-ub"],"_links":{"self":[{"href":"https:\/\/www.urfabugun.com\/index.php\/wp-json\/wp\/v2\/posts\/15653","targetHints":{"allow":["GET"]}}],"collection":[{"href":"https:\/\/www.urfabugun.com\/index.php\/wp-json\/wp\/v2\/posts"}],"about":[{"href":"https:\/\/www.urfabugun.com\/index.php\/wp-json\/wp\/v2\/types\/post"}],"author":[{"embeddable":true,"href":"https:\/\/www.urfabugun.com\/index.php\/wp-json\/wp\/v2\/users\/2"}],"replies":[{"embeddable":true,"href":"https:\/\/www.urfabugun.com\/index.php\/wp-json\/wp\/v2\/comments?post=15653"}],"version-history":[{"count":0,"href":"https:\/\/www.urfabugun.com\/index.php\/wp-json\/wp\/v2\/posts\/15653\/revisions"}],"wp:featuredmedia":[{"embeddable":true,"href":"https:\/\/www.urfabugun.com\/index.php\/wp-json\/wp\/v2\/media\/15655"}],"wp:attachment":[{"href":"https:\/\/www.urfabugun.com\/index.php\/wp-json\/wp\/v2\/media?parent=15653"}],"wp:term":[{"taxonomy":"category","embeddable":true,"href":"https:\/\/www.urfabugun.com\/index.php\/wp-json\/wp\/v2\/categories?post=15653"},{"taxonomy":"post_tag","embeddable":true,"href":"https:\/\/www.urfabugun.com\/index.php\/wp-json\/wp\/v2\/tags?post=15653"},{"taxonomy":"manset","embeddable":true,"href":"https:\/\/www.urfabugun.com\/index.php\/wp-json\/wp\/v2\/manset?post=15653"}],"curies":[{"name":"wp","href":"https:\/\/api.w.org\/{rel}","templated":true}]}}