{"id":1568,"date":"2023-01-13T22:02:38","date_gmt":"2023-01-13T19:02:38","guid":{"rendered":"https:\/\/www.urfabugun.com\/?p=1568"},"modified":"2023-01-14T07:40:02","modified_gmt":"2023-01-14T04:40:02","slug":"her-10-kisiden-8i-sosyal-medya-kullaniyor","status":"publish","type":"post","link":"https:\/\/www.urfabugun.com\/index.php\/2023\/01\/13\/her-10-kisiden-8i-sosyal-medya-kullaniyor\/","title":{"rendered":"Her 10 Ki\u015fiden 8\u2019i Sosyal Medya Kullan\u0131yor"},"content":{"rendered":"\n<p><\/p>\n\n\n\n<p><strong>Cumhurba\u015fkanl\u0131\u011f\u0131 Dijital D\u00f6n\u00fc\u015f\u00fcm Ofisi Ba\u015fkan\u0131 Ali Taha Ko\u00e7, \u201cWe Are Social taraf\u0131ndan yap\u0131lan, bir uluslararas\u0131 firma taraf\u0131ndan 2022 y\u0131l\u0131nda yap\u0131lan ara\u015ft\u0131rmaya g\u00f6re de T\u00fcrkiye\u2019de sosyal medya kullan\u0131c\u0131 say\u0131s\u0131 n\u00fcfusun yakla\u015f\u0131k olarak y\u00fczde 81\u2019ine ula\u015ft\u0131, yani her 10 ki\u015fiden 8\u2019i sosyal medyay\u0131 kullan\u0131yor\u201d dedi.<br><\/strong>Cumhurba\u015fkanl\u0131\u011f\u0131 Dijital D\u00f6n\u00fc\u015f\u00fcm Ofisi Ba\u015fkan\u0131 Ali Taha Ko\u00e7, Sanayi, Ticaret, Enerji Tabii Kaynaklar, Bilgi ve Teknoloji Komisyonu \u00fcyelerine \u2018T\u00fcrkiye\u2019nin Dijital D\u00f6n\u00fc\u015f\u00fcm Hamlesi\u2019 ba\u015fl\u0131kl\u0131 sunum yapt\u0131.<br>Ko\u00e7, T\u00fcrkiye\u2019de dijital teknolojilerin kullan\u0131m\u0131 hem bireylerde hem de i\u015fletmelerde olduk\u00e7a yayg\u0131n oldu\u011funu belirterek, \u201cT\u00dc\u0130K taraf\u0131ndan 2022 y\u0131l\u0131nda yap\u0131lan Hanehalk\u0131 Bili\u015fim Teknolojileri Kullan\u0131m Ara\u015ft\u0131rmas\u0131\u2019na g\u00f6re, \u00fclkemizde internet eri\u015fim imk\u00e2n\u0131 olan hane say\u0131s\u0131 oran\u0131 y\u00fczde 94, ayn\u0131 ara\u015ft\u0131rmaya g\u00f6re de internet kullanan bireylerin oran\u0131 ise y\u00fczde 85. Sosyal Medya kullan\u0131m\u0131nda da benzer y\u00fcksek oranlar\u0131n oldu\u011funun fark\u0131nday\u0131z. <\/p>\n\n\n\n<p>Ayn\u0131 zamanda, We Are Social taraf\u0131ndan yap\u0131lan, bir uluslararas\u0131 firma taraf\u0131ndan 2022 y\u0131l\u0131nda yap\u0131lan ara\u015ft\u0131rmaya g\u00f6re de T\u00fcrkiye\u2019de sosyal medya kullan\u0131c\u0131 say\u0131s\u0131 n\u00fcfusun yakla\u015f\u0131k olarak y\u00fczde 81\u2019ine ula\u015ft\u0131, yani her 10 ki\u015fiden 8\u2019i sosyal medyay\u0131 kullan\u0131yor\u201d diye konu\u015ftu.<\/p>\n","protected":false},"excerpt":{"rendered":"<p>Cumhurba\u015fkanl\u0131\u011f\u0131 Dijital D\u00f6n\u00fc\u015f\u00fcm Ofisi Ba\u015fkan\u0131 Ali Taha Ko\u00e7, \u201cWe Are Social taraf\u0131ndan yap\u0131lan, bir uluslararas\u0131 firma&#46;&#46;&#46;<\/p>\n","protected":false},"author":2,"featured_media":1570,"comment_status":"open","ping_status":"open","sticky":false,"template":"","format":"standard","meta":{"inline_featured_image":false,"footnotes":""},"categories":[90],"tags":[147,149,148,107],"manset":[],"class_list":["post-1568","post","type-post","status-publish","format-standard","has-post-thumbnail","hentry","category-turkiye-haberleri","tag-sosyal-medya","tag-sosyal-medya-kullanimi","tag-turkiye-sosyal-medya","tag-ub"],"_links":{"self":[{"href":"https:\/\/www.urfabugun.com\/index.php\/wp-json\/wp\/v2\/posts\/1568","targetHints":{"allow":["GET"]}}],"collection":[{"href":"https:\/\/www.urfabugun.com\/index.php\/wp-json\/wp\/v2\/posts"}],"about":[{"href":"https:\/\/www.urfabugun.com\/index.php\/wp-json\/wp\/v2\/types\/post"}],"author":[{"embeddable":true,"href":"https:\/\/www.urfabugun.com\/index.php\/wp-json\/wp\/v2\/users\/2"}],"replies":[{"embeddable":true,"href":"https:\/\/www.urfabugun.com\/index.php\/wp-json\/wp\/v2\/comments?post=1568"}],"version-history":[{"count":0,"href":"https:\/\/www.urfabugun.com\/index.php\/wp-json\/wp\/v2\/posts\/1568\/revisions"}],"wp:featuredmedia":[{"embeddable":true,"href":"https:\/\/www.urfabugun.com\/index.php\/wp-json\/wp\/v2\/media\/1570"}],"wp:attachment":[{"href":"https:\/\/www.urfabugun.com\/index.php\/wp-json\/wp\/v2\/media?parent=1568"}],"wp:term":[{"taxonomy":"category","embeddable":true,"href":"https:\/\/www.urfabugun.com\/index.php\/wp-json\/wp\/v2\/categories?post=1568"},{"taxonomy":"post_tag","embeddable":true,"href":"https:\/\/www.urfabugun.com\/index.php\/wp-json\/wp\/v2\/tags?post=1568"},{"taxonomy":"manset","embeddable":true,"href":"https:\/\/www.urfabugun.com\/index.php\/wp-json\/wp\/v2\/manset?post=1568"}],"curies":[{"name":"wp","href":"https:\/\/api.w.org\/{rel}","templated":true}]}}