{"id":15689,"date":"2024-07-01T09:05:39","date_gmt":"2024-07-01T06:05:39","guid":{"rendered":"https:\/\/www.urfabugun.com\/?p=15689"},"modified":"2024-07-01T09:05:45","modified_gmt":"2024-07-01T06:05:45","slug":"sanliurfada-motosiklet-ile-otomobil-carpisti-1-yarali","status":"publish","type":"post","link":"https:\/\/www.urfabugun.com\/index.php\/2024\/07\/01\/sanliurfada-motosiklet-ile-otomobil-carpisti-1-yarali\/","title":{"rendered":"\u015eanl\u0131urfa\u2019da Motosiklet \u0130le Otomobil \u00c7arp\u0131\u015ft\u0131, 1 Yaral\u0131!"},"content":{"rendered":"\n<p><\/p>\n\n\n\n<p><strong>\u015eanl\u0131urfa\u2019n\u0131n Haliliye il\u00e7esinde otomobil ile motosiklet kafa kafaya \u00e7arp\u0131\u015ft\u0131, kazada motosiklet arac\u0131n alt\u0131n girdi, s\u00fcr\u00fcc\u00fc yaraland\u0131.<\/strong><\/p>\n\n\n\n<p>Kaza, Haliliye il\u00e7esi Emniyet caddesinde meydana geldi. \u0130ddiaya g\u00f6re, A.K.C. y\u00f6netimindeki 42 ATY 377 plakal\u0131 otomobil ile Ramazan T. idaresindeki motosiklet kafa kafaya \u00e7arp\u0131\u015ft\u0131.<\/p>\n\n\n\n<p>Kazada motosiklet otomobil alt\u0131na girdi. S\u00fcr\u00fcc\u00fc yaraland\u0131. \u0130hbar \u00fczerine olay yerine polis ve sa\u011fl\u0131k ekibi sevk edildi.<\/p>\n\n\n\n<p>Yaral\u0131 s\u00fcr\u00fcc\u00fc ambulans ile \u015eanl\u0131urfa Mehmet Akif \u0130nan E\u011fitim ve Ara\u015ft\u0131rma Hastanesine kald\u0131r\u0131ld\u0131.<\/p>\n\n\n\n<p>Kazayla ilgili soru\u015fturma ba\u015flat\u0131ld\u0131.<\/p>\n","protected":false},"excerpt":{"rendered":"<p>\u015eanl\u0131urfa\u2019n\u0131n Haliliye il\u00e7esinde otomobil ile motosiklet kafa kafaya \u00e7arp\u0131\u015ft\u0131, kazada motosiklet arac\u0131n alt\u0131n girdi, s\u00fcr\u00fcc\u00fc yaraland\u0131.&#46;&#46;&#46;<\/p>\n","protected":false},"author":2,"featured_media":15691,"comment_status":"open","ping_status":"open","sticky":false,"template":"","format":"standard","meta":{"inline_featured_image":false,"footnotes":""},"categories":[75],"tags":[2575,4587,131,107],"manset":[],"class_list":["post-15689","post","type-post","status-publish","format-standard","has-post-thumbnail","hentry","category-asayis-haberleri","tag-1-yarali","tag-sanliurfada-motosiklet-ile-otomobil-carpisti","tag-son-dakika","tag-ub"],"_links":{"self":[{"href":"https:\/\/www.urfabugun.com\/index.php\/wp-json\/wp\/v2\/posts\/15689","targetHints":{"allow":["GET"]}}],"collection":[{"href":"https:\/\/www.urfabugun.com\/index.php\/wp-json\/wp\/v2\/posts"}],"about":[{"href":"https:\/\/www.urfabugun.com\/index.php\/wp-json\/wp\/v2\/types\/post"}],"author":[{"embeddable":true,"href":"https:\/\/www.urfabugun.com\/index.php\/wp-json\/wp\/v2\/users\/2"}],"replies":[{"embeddable":true,"href":"https:\/\/www.urfabugun.com\/index.php\/wp-json\/wp\/v2\/comments?post=15689"}],"version-history":[{"count":0,"href":"https:\/\/www.urfabugun.com\/index.php\/wp-json\/wp\/v2\/posts\/15689\/revisions"}],"wp:featuredmedia":[{"embeddable":true,"href":"https:\/\/www.urfabugun.com\/index.php\/wp-json\/wp\/v2\/media\/15691"}],"wp:attachment":[{"href":"https:\/\/www.urfabugun.com\/index.php\/wp-json\/wp\/v2\/media?parent=15689"}],"wp:term":[{"taxonomy":"category","embeddable":true,"href":"https:\/\/www.urfabugun.com\/index.php\/wp-json\/wp\/v2\/categories?post=15689"},{"taxonomy":"post_tag","embeddable":true,"href":"https:\/\/www.urfabugun.com\/index.php\/wp-json\/wp\/v2\/tags?post=15689"},{"taxonomy":"manset","embeddable":true,"href":"https:\/\/www.urfabugun.com\/index.php\/wp-json\/wp\/v2\/manset?post=15689"}],"curies":[{"name":"wp","href":"https:\/\/api.w.org\/{rel}","templated":true}]}}